{"id":4993,"date":"2020-03-11T11:43:31","date_gmt":"2020-03-11T08:43:31","guid":{"rendered":"http:\/\/blog.ulubat.org\/?p=4993"},"modified":"2020-03-12T11:37:26","modified_gmt":"2020-03-12T08:37:26","slug":"mekteb-i-tibbiye-i-sahaneden-tibbiyeli-hikmet-boran","status":"publish","type":"post","link":"https:\/\/blog.ulubat.org\/index.php\/genel\/mekteb-i-tibbiye-i-sahaneden-tibbiyeli-hikmet-boran\/","title":{"rendered":"MEKTEB-\u0130 TIBB\u0130YE-\u0130 \u015eAHANE\u2019DEN: TIBB\u0130YEL\u0130 H\u0130KMET BORAN"},"content":{"rendered":"\n<figure class=\"wp-block-image is-resized\"><img loading=\"lazy\" src=\"https:\/\/blog.ulubat.org\/wp-content\/uploads\/2020\/03\/H\u0130KMET-BORAN-466x1024.png\" alt=\"\" class=\"wp-image-4996\" width=\"451\" height=\"451\" srcset=\"https:\/\/blog.ulubat.org\/wp-content\/uploads\/2020\/03\/H\u0130KMET-BORAN-150x150.png 150w, https:\/\/blog.ulubat.org\/wp-content\/uploads\/2020\/03\/H\u0130KMET-BORAN-250x250.png 250w, https:\/\/blog.ulubat.org\/wp-content\/uploads\/2020\/03\/H\u0130KMET-BORAN-125x125.png 125w, https:\/\/blog.ulubat.org\/wp-content\/uploads\/2020\/03\/H\u0130KMET-BORAN-110x110.png 110w, https:\/\/blog.ulubat.org\/wp-content\/uploads\/2020\/03\/H\u0130KMET-BORAN-420x420.png 420w, https:\/\/blog.ulubat.org\/wp-content\/uploads\/2020\/03\/H\u0130KMET-BORAN-768x768.png 768w\" sizes=\"(max-width: 451px) 100vw, 451px\" \/><\/figure>\n\n\n\n<p>YA\u015eAMINA DA\u0130R:<\/p>\n\n\n\n<p>1901 y\u0131l\u0131nda, Bal\u0131kesir\nSava\u015ftepe\u2019de do\u011fmu\u015ftur. Abhazya&#8217;dan Trabzon&#8217;a gelmi\u015f g\u00f6\u00e7men bir ailenin\n\u00e7ocu\u011fudur. Posta telgraf memuru Hakk\u0131 Bey&#8217;in o\u011fludur. Kendisi\nde gazeteci\nve sanat\u00e7\u0131 Orhan Boran\u2019\u0131n babas\u0131d\u0131r.<\/p>\n\n\n\n<p>\u0130stanbul\u2019un \u0130ngilizler taraf\u0131ndan i\u015fgal edildi\u011fi d\u00f6nemde, Hikmet Boran T\u0131bbiye Mektebi\u2019nde okumaktad\u0131r. Bu d\u00f6nemde i\u015fgale tepki \u00e7ekmek i\u00e7in okulunda yap\u0131lan etkinliklerde \u00f6nc\u00fc rol alm\u0131\u015ft\u0131r. \u00d6yle ki d\u00f6nem \u00fc\u00e7 \u00f6\u011frencisi iken Sivas Kongresi\u2019ne kat\u0131lmak \u00fczere t\u0131bbiyelilerin temsilcisi olarak Hikmet Boran se\u00e7ilir ve \u0130stanbul\u2019dan kongreye kat\u0131lacak \u00fc\u00e7 delegeden biri olur. 7 Eyl\u00fcl 1919\u2019da yap\u0131lan ikinci celsede verilen \u00f6nergede Hikmet Bey\u2019in de imzas\u0131 yer al\u0131r.<\/p>\n\n\n\n<p> Hikmet Boran, T\u00fcrkiye B\u00fcy\u00fck Millet Meclisi kuruldu\u011funda, t\u0131p e\u011fitimini yar\u0131da b\u0131rakarak arkada\u015f\u0131 Yusuf Bey ile birlikte Ankara\u2019ya gider. \u0130ki arkada\u015f, Cebeci\u2019deki Askeri Hastanede, \u0130brahim Tali Bey\u2019in ba\u015fkanl\u0131\u011f\u0131nda tif\u00fcse kar\u015f\u0131 bir a\u015f\u0131 \u00fcretmek i\u00e7in \u00e7al\u0131\u015f\u0131rlar. Sava\u015f y\u0131llar\u0131ndan sonra, t\u0131bbiyeli Hikmet, \u0130stanbul\u2019a geri d\u00f6ner ve yar\u0131da b\u0131rakt\u0131\u011f\u0131 t\u0131p e\u011fitimini tamamlar. <\/p>\n\n\n\n<p> Ayr\u0131ca Hikmet Bey, B\u00fcy\u00fck Taarruzda s\u0131hhiye subay\u0131 olarak g\u00f6rev al\u0131r. Genel cerrah olarak mesle\u011fini s\u00fcrd\u00fcr\u00fcr, 1940\u2019l\u0131 y\u0131llarda Sar\u0131kam\u0131\u015f\u2019a \u015fark g\u00f6revini yapmak \u00fczere gider. G\u00f6n\u00fcll\u00fc olarak gitti\u011fi \u015fark g\u00f6revi s\u0131ras\u0131nda vereme yakalan\u0131r. \u0130stanbul\u2019da bir sanatoryumda bir y\u0131l kadar tedavi g\u00f6r\u00fcr. Ancak eski sa\u011fl\u0131\u011f\u0131na kavu\u015famaz ve maalesef 1945 y\u0131l\u0131nda hayat\u0131n\u0131 kaybeder. Mezar\u0131, Karacaahmet \u015fehitli\u011findedir.<\/p>\n\n\n\n<figure class=\"wp-block-image is-resized\"><img loading=\"lazy\" src=\"https:\/\/blog.ulubat.org\/wp-content\/uploads\/2020\/03\/sivas-kongresi-1024x1024.png\" alt=\"\" class=\"wp-image-4998\" width=\"576\" height=\"576\" srcset=\"https:\/\/blog.ulubat.org\/wp-content\/uploads\/2020\/03\/sivas-kongresi-1024x1024.png 1024w, https:\/\/blog.ulubat.org\/wp-content\/uploads\/2020\/03\/sivas-kongresi-150x150.png 150w, https:\/\/blog.ulubat.org\/wp-content\/uploads\/2020\/03\/sivas-kongresi-125x125.png 125w, https:\/\/blog.ulubat.org\/wp-content\/uploads\/2020\/03\/sivas-kongresi-110x110.png 110w, https:\/\/blog.ulubat.org\/wp-content\/uploads\/2020\/03\/sivas-kongresi-420x420.png 420w, https:\/\/blog.ulubat.org\/wp-content\/uploads\/2020\/03\/sivas-kongresi-400x400.png 400w, https:\/\/blog.ulubat.org\/wp-content\/uploads\/2020\/03\/sivas-kongresi-768x768.png 768w\" sizes=\"(max-width: 576px) 100vw, 576px\" \/><\/figure>\n\n\n\n<p>S\u0130VAS KONGRES\u0130\u2019NE DA\u0130R:<\/p>\n\n\n\n<p>&nbsp;&nbsp;&nbsp;&nbsp;&nbsp;&nbsp;&nbsp;&nbsp;&nbsp;&nbsp;&nbsp; Mustafa\nKemal Atat\u00fcrk\u2019\u00fcn, Sivas Kongresi\u2019nde gen\u00e7lerin de g\u00f6r\u00fc\u015flerinin al\u0131nmas\u0131\ngerekti\u011fine dair s\u00f6ylemi \u00fczerine, Mektep-i T\u0131bbiyeli \u015eahaneliler kongreye baz\u0131\narkada\u015flar\u0131n\u0131n kat\u0131l\u0131p onlar\u0131 temsil etmesini isterler. Bu sebeple okuldan\nYusuf Bey ve Hikmet Bey delege se\u00e7ilir. \u00d6\u011frenciler kendi aralar\u0131nda arkada\u015flar\u0131\ni\u00e7in yol paras\u0131 toplarlar ancak sadece bir ki\u015finin gitmesine yetecek kadar para\ntoplanabilir. T\u0131bbiyeliler de ald\u0131klar\u0131 kararla\nkendilerini temsil etmesi i\u00e7in arkada\u015flar\u0131 Hikmet Bey\u2019i Sivas Kongresi\u2019ne olarak\ng\u00f6nderirler.<\/p>\n\n\n\n<p>&nbsp;&nbsp;&nbsp;&nbsp;&nbsp;&nbsp;&nbsp;&nbsp;&nbsp;&nbsp;&nbsp; Hikmet\nBoran daha 19 ya\u015f\u0131ndayken t\u0131bbiyelileri temsilen kat\u0131ld\u0131\u011f\u0131 Sivas Kongresi\u2019nde, h\u00fcrriyet\na\u015fk\u0131yla yanan g\u00f6z\u00fc kara bir vatansever olarak yapt\u0131\u011f\u0131 etkileyici konu\u015fmayla\nhaf\u0131zlara kaz\u0131n\u0131r. Kongrede arka s\u0131ralardan aya\u011fa kalkan cesur t\u0131bbiyeli:<\/p>\n\n\n\n<p><em>\u201cPa\u015fam, delegesi bulundu\u011fum T\u0131bbiyeliler, beni buraya ba\u011f\u0131ms\u0131zl\u0131k davam\u0131z\u0131 ba\u015farma yolundaki \u00e7al\u0131\u015fmaya kat\u0131lmak \u00fczere g\u00f6nderdiler. Manday\u0131 kabul edemem. E\u011fer kabul edecek olanlar varsa, her kim olursa olsun kar\u015f\u0131 koyar ve onlar\u0131 k\u0131nar\u0131z. Olmayacak \u015fey ama manda fikrini siz kabul ederseniz, sizi bile reddeder \u2018Mustafa Kemal vatan kurtar\u0131c\u0131s\u0131 de\u011fil, vatan hainidir\u2019 deriz.\u201d<\/em> der.<\/p>\n\n\n\n<p>Mustafa Kemal Atat\u00fcrk\u2019te:<\/p>\n\n\n\n<p><em>\u201cEvlat, m\u00fcsterih ol. Gen\u00e7likle k\u0131van\u00e7 duyuyor, gen\u00e7li\u011fe g\u00fcveniyorum. Biz az\u0131nl\u0131kta kalsak bile manday\u0131 kabul etmeyece\u011fiz. Parolam\u0131z tektir ve de\u011fi\u015fmez: Ya istiklal ya \u00f6l\u00fcm.\u201d<\/em> konu\u015fmas\u0131n\u0131 vatan a\u015f\u0131\u011f\u0131 Hikmet\u2019in s\u00f6zleri \u00fczerine yapar.<\/p>\n\n\n\n<p>Mustafa Kemal Atat\u00fcrk\u2019\u00fcn\n15-20 Ekim 1927 g\u00fcnleri aras\u0131nda, T\u00fcrk Milleti\u2019ne sundu\u011fu Nutuk biliriz ki\n\u201cGen\u00e7li\u011fe Sesleni\u015f\u201d ile sonlan\u0131r. Nutuk\u2019ta bahsi ge\u00e7en, Mustafa Kemal Atat\u00fcrk\u2019\u00fcn\numutland\u0131\u011f\u0131 ve g\u00f6revlendirdi\u011fi gen\u00e7lik Doktor Hikmet Boranlard\u0131r.<\/p>\n\n\n\n<figure class=\"wp-block-image is-resized\"><img loading=\"lazy\" src=\"https:\/\/blog.ulubat.org\/wp-content\/uploads\/2020\/03\/t\u0131bbiyeliler-1024x1024.png\" alt=\"\" class=\"wp-image-4999\" width=\"641\" height=\"641\" srcset=\"https:\/\/blog.ulubat.org\/wp-content\/uploads\/2020\/03\/t\u0131bbiyeliler-1024x1024.png 1024w, https:\/\/blog.ulubat.org\/wp-content\/uploads\/2020\/03\/t\u0131bbiyeliler-150x150.png 150w, https:\/\/blog.ulubat.org\/wp-content\/uploads\/2020\/03\/t\u0131bbiyeliler-250x250.png 250w, https:\/\/blog.ulubat.org\/wp-content\/uploads\/2020\/03\/t\u0131bbiyeliler-125x125.png 125w, https:\/\/blog.ulubat.org\/wp-content\/uploads\/2020\/03\/t\u0131bbiyeliler-110x110.png 110w, https:\/\/blog.ulubat.org\/wp-content\/uploads\/2020\/03\/t\u0131bbiyeliler-420x420.png 420w, https:\/\/blog.ulubat.org\/wp-content\/uploads\/2020\/03\/t\u0131bbiyeliler-768x768.png 768w\" sizes=\"(max-width: 641px) 100vw, 641px\" \/><\/figure>\n\n\n\n<p>SON OLARAK TIP BAYRAMINA DA\u0130R: <\/p>\n\n\n\n<p>Mart 1919\u2019da Mekteb-i T\u0131bbiye-i \u015eahane, \u0130ngiliz birlikleri taraf\u0131ndan i\u015fgal edilir. \u0130\u015fgalcilere kar\u015f\u0131 ayaklanmak ve okulu kurtarmak i\u00e7in \u00e7areler arayan t\u0131bbiyeli \u00f6\u011frenciler, okulun kurulu\u015f y\u0131l d\u00f6n\u00fcm\u00fc olan 14 Mart\u2019\u0131 hep beraber kutlamaya karar verirler. T\u0131bbiye \u00fc\u00e7\u00fcnc\u00fc s\u0131n\u0131f \u00f6\u011frencisi Hikmet Bey \u00f6nderli\u011finde b\u00fcy\u00fck bir g\u00f6steri yaparlar. Bu g\u00f6steride Mekteb-i T\u0131bbiye-i \u015eahane\u2019nin iki kulesi aras\u0131na b\u00fcy\u00fck bir T\u00fcrk bayra\u011f\u0131 as\u0131l\u0131r. \u0130\u015fgal kuvvetleri bu duruma ne kadar m\u00fcdahale etseler de t\u0131bbiyelileri durduramazlar. Olay\u0131n y\u0131l d\u00f6n\u00fcm\u00fc olan 14 Mart, t\u0131bbiyelilerin emperyalist g\u00fc\u00e7lerin kar\u015f\u0131s\u0131na resmen \u00e7\u0131k\u0131\u015f\u0131n\u0131n y\u0131l d\u00f6n\u00fcm\u00fc ve bug\u00fcnk\u00fc t\u0131p bayram\u0131n\u0131n sebebini olu\u015fturmaktad\u0131r. <\/p>\n\n\n\n<p>G\u00fcn\u00fcm\u00fczde sadece 14 Mart g\u00fcn\u00fc de\u011fil 14 Mart\u2019\u0131 i\u00e7ine alan hafta boyunca kutlama yap\u0131lmakta ve o hafta t\u0131p haftas\u0131 olarak kabul edilmektedir. T\u0131p haftas\u0131nda oldu\u011fumuz bug\u00fcnlerde, 14 Mart\u2019ta i\u00e7imizde hissetti\u011fimiz g\u00fczel duygular, t\u0131bbiyeli Hikmet Boran ile daha bir anlam kazan\u0131r. T\u0131pk\u0131 1919\u2019da Mekteb-i T\u0131bbiye-i \u015eahane\u2019de atan onlarca cesur kalp gibi bizim de kalplerimiz her 14 Mart\u2019ta o co\u015fku ve heyecan\u0131n izlerini ta\u015f\u0131maktad\u0131r. <\/p>\n\n\n\n<p>KAYNAKLAR:<\/p>\n\n\n\n<p>Biyografi Net. \u201cHikmet\nBoran\u201d<\/p>\n\n\n\n<p><a href=\"http:\/\/www.biyografi.net\/kisiayrinti.asp?kisiid=1745\">http:\/\/www.biyografi.net\/kisiayrinti.asp?kisiid=1745<\/a><\/p>\n\n\n\n<p>Vikipedi. \u201cHikmet\nBoran\u201d<\/p>\n\n\n\n<p><a href=\"https:\/\/tr.wikipedia.org\/wiki\/Hikmet_Boran\">https:\/\/tr.wikipedia.org\/wiki\/Hikmet_Boran<\/a><\/p>\n\n\n\n<p>G\u00d6RSELLER:<\/p>\n\n\n\n<p><a href=\"https:\/\/www.fikriyat.com\/galeri\/tarih\/14-martin-tarihe-serh-dusen-kahramanlik-oykusu\">https:\/\/www.fikriyat.com\/galeri\/tarih\/14-martin-tarihe-serh-dusen-kahramanlik-oykusu<\/a><\/p>\n\n\n\n<p><a href=\"https:\/\/tr.wikipedia.org\/wiki\/Sivas_Kongresi#Foto%C4%9Fraflar\">https:\/\/tr.wikipedia.org\/wiki\/Sivas_Kongresi#Foto%C4%9Fraflar<\/a><\/p>\n","protected":false},"excerpt":{"rendered":"<p>YA\u015eAMINA DA\u0130R: 1901 y\u0131l\u0131nda, Bal\u0131kesir Sava\u015ftepe\u2019de do\u011fmu\u015ftur. Abhazya&#8217;dan Trabzon&#8217;a gelmi\u015f g\u00f6\u00e7men bir ailenin \u00e7ocu\u011fudur. Posta telgraf memuru Hakk\u0131 Bey&#8217;in o\u011fludur.<\/p>\n","protected":false},"author":266,"featured_media":4997,"comment_status":"open","ping_status":"open","sticky":false,"template":"","format":"standard","meta":[],"categories":[1],"tags":[632,634,633],"acf":[],"views":2279,"_links":{"self":[{"href":"https:\/\/blog.ulubat.org\/index.php\/wp-json\/wp\/v2\/posts\/4993"}],"collection":[{"href":"https:\/\/blog.ulubat.org\/index.php\/wp-json\/wp\/v2\/posts"}],"about":[{"href":"https:\/\/blog.ulubat.org\/index.php\/wp-json\/wp\/v2\/types\/post"}],"author":[{"embeddable":true,"href":"https:\/\/blog.ulubat.org\/index.php\/wp-json\/wp\/v2\/users\/266"}],"replies":[{"embeddable":true,"href":"https:\/\/blog.ulubat.org\/index.php\/wp-json\/wp\/v2\/comments?post=4993"}],"version-history":[{"count":3,"href":"https:\/\/blog.ulubat.org\/index.php\/wp-json\/wp\/v2\/posts\/4993\/revisions"}],"predecessor-version":[{"id":5003,"href":"https:\/\/blog.ulubat.org\/index.php\/wp-json\/wp\/v2\/posts\/4993\/revisions\/5003"}],"wp:featuredmedia":[{"embeddable":true,"href":"https:\/\/blog.ulubat.org\/index.php\/wp-json\/wp\/v2\/media\/4997"}],"wp:attachment":[{"href":"https:\/\/blog.ulubat.org\/index.php\/wp-json\/wp\/v2\/media?parent=4993"}],"wp:term":[{"taxonomy":"category","embeddable":true,"href":"https:\/\/blog.ulubat.org\/index.php\/wp-json\/wp\/v2\/categories?post=4993"},{"taxonomy":"post_tag","embeddable":true,"href":"https:\/\/blog.ulubat.org\/index.php\/wp-json\/wp\/v2\/tags?post=4993"}],"curies":[{"name":"wp","href":"https:\/\/api.w.org\/{rel}","templated":true}]}}