{"id":5322,"date":"2020-04-07T22:51:54","date_gmt":"2020-04-07T19:51:54","guid":{"rendered":"http:\/\/blog.ulubat.org\/?p=5322"},"modified":"2020-06-06T14:48:40","modified_gmt":"2020-06-06T11:48:40","slug":"ressamlar-ve-eserlerinde-yasayan-hikayeleri","status":"publish","type":"post","link":"https:\/\/blog.ulubat.org\/index.php\/genel\/ressamlar-ve-eserlerinde-yasayan-hikayeleri\/","title":{"rendered":"Ressamlar ve Eserlerinde Ya\u015fayan Hikayeleri"},"content":{"rendered":"\n<div class=\"wp-block-image\"><figure class=\"aligncenter is-resized\"><img loading=\"lazy\" src=\"https:\/\/blog.ulubat.org\/wp-content\/uploads\/2020\/04\/judith-beheading-holofernes-1598-1-1024x1024.jpg\" alt=\"\" class=\"wp-image-5330\" width=\"588\" height=\"588\" srcset=\"https:\/\/blog.ulubat.org\/wp-content\/uploads\/2020\/04\/judith-beheading-holofernes-1598-1-1024x1024.jpg 1024w, https:\/\/blog.ulubat.org\/wp-content\/uploads\/2020\/04\/judith-beheading-holofernes-1598-1-150x150.jpg 150w, https:\/\/blog.ulubat.org\/wp-content\/uploads\/2020\/04\/judith-beheading-holofernes-1598-1-250x250.jpg 250w, https:\/\/blog.ulubat.org\/wp-content\/uploads\/2020\/04\/judith-beheading-holofernes-1598-1-125x125.jpg 125w, https:\/\/blog.ulubat.org\/wp-content\/uploads\/2020\/04\/judith-beheading-holofernes-1598-1-110x110.jpg 110w, https:\/\/blog.ulubat.org\/wp-content\/uploads\/2020\/04\/judith-beheading-holofernes-1598-1-420x420.jpg 420w\" sizes=\"(max-width: 588px) 100vw, 588px\" \/><\/figure><\/div>\n\n\n\n<p>Herkese merhaba arkada\u015flar, bug\u00fcn sizlere ressamlar\u0131n ya\u015famlar\u0131n\u0131, aile hayatlar\u0131n\u0131 ve ili\u015fkilerini inceledi\u011fimiz bir \u00e7al\u0131\u015fman\u0131n verilerinden ve bu \u00e7al\u0131\u015fma s\u0131ras\u0131ndan \u00f6\u011frendi\u011fim ilgin\u00e7 hayat hikayelerinden bahsedece\u011fim.<\/p>\n\n\n\n<p>\u00c7al\u0131\u015fmam\u0131zda 21 ressam\u0131n, do\u011fum\/ \u00f6l\u00fcm tarihi, \u00f6l\u00fcm sebebi, do\u011fum yeri gibi\ndemografik \u00f6zelliklerinin yan\u0131 s\u0131ra ebeveynleri ile ya\u015fad\u0131klar\u0131 sorunlardan\nkaynaklanan travmalar\u0131, e\u015fleri veya sevgilileriyle ili\u015fkileri gibi \u00f6zel\ndurumlar\u0131 da inceledik.<\/p>\n\n\n\n<p>Elde etti\u011fimiz bulgulara g\u00f6re ressamlar\u0131n %51&#8217;i babalar\u0131 ile travmatik bir ili\u015fkiye sahip.  Baz\u0131 ressamlar \u00e7ocukluk d\u00f6neminde babalar\u0131n\u0131n gere\u011finden fazla sert ve otoriter tav\u0131rlar\u0131na maruz kal\u0131yor. (Salvador Dali, Van Gogh) . Baz\u0131lar\u0131 ebeveynlerinin kendi\u00a0 ili\u015fkilerinde ya\u015fad\u0131klar\u0131 sorunlar y\u00fcz\u00fcnden babalar\u0131n\u0131 neredeyse hi\u00e7 g\u00f6remiyor.(Da Vinci, Hale Asaf) Ve \u00e7o\u011fu da babalar\u0131n\u0131n resme kar\u015f\u0131 olumsuz tutumuyla m\u00fccadele etmek zorunda kal\u0131yor. Tabi ki belirli bir kategoriye alamad\u0131\u011f\u0131m\u0131z \u00f6zel durumlar da mevcut.<\/p>\n\n\n\n<p><em>Babas\u0131 ile ili\u015fkisini s\u0131n\u0131fland\u0131ramad\u0131\u011f\u0131m\u0131z ressamlardan biri de ise Artemisia Gentileschi. Artemisia bu \u00e7al\u0131\u015fmada inceledi\u011fimiz 21 ressam\u0131n i\u00e7erisinde beni en \u00e7ok etkileyeni oldu. \u00c7\u00fcnk\u00fc d\u00f6neminin kabul edilmi\u015f yarg\u0131lar\u0131n\u0131n aksine kendisi bir kad\u0131n olarak resim alan\u0131nda gayet parlak bir kariyere sahip. Ancak bu kariyerin arka plan\u0131nda zor bir hayat yer al\u0131yor. Bug\u00fcne kadar, Artemisia\u2019n\u0131n hayat\u0131n\u0131 konu alan filmler de \u00e7ekilmi\u015f. Ancak bu filmlerde \u00e7arp\u0131t\u0131lm\u0131s ve do\u011fru olmayan olaylara yer verildi\u011fi de g\u00f6r\u00fcl\u00fcyor. Bu nedenle sizlere Artemisia\u2019n\u0131n hayat\u0131ndan k\u0131saca bahsetmek istiyorum. Kendisi ressam bir baban\u0131n k\u0131z\u0131 olarak d\u00fcnyaya geliyor. Resim hakk\u0131nda her \u015feyi babas\u0131ndan \u00f6\u011freniyor. Ancak ilerleyen d\u00f6nemlerde babas\u0131 Artemisia\u2019n\u0131n kendini daha \u00e7ok geli\u015ftirebilmesi i\u00e7in arkada\u015f\u0131 Agostino Tassi \u2018den Artemisia\u2019ya ders vermesini istiyor. B\u00f6ylece Artemisia Tassi\u2019nin at\u00f6lyesinde \u00e7\u0131rakl\u0131k yapmaya ba\u015fl\u0131yor. Ancak bu \u00e7\u0131rakl\u0131k d\u00f6nemi Tassi ve arkada\u015f\u0131 Cosimo Quoris\u2019in at\u00f6lyede Artemisia\u2019ya tecav\u00fcz etmesi ile son buluyor. Artemisia\u2019n\u0131n sanat\u0131na da yans\u0131yan bu olaydan sonra, babas\u0131 Tassi\u2019ye dava a\u00e7m\u0131\u015f olsa da d\u00f6nemin \u015fartlar\u0131 y\u00fcz\u00fcnden herhangi bir sonuca ula\u015fam\u0131yorlar. \u00dcstelik bu davan\u0131n sebep oldu\u011fu dedikodular y\u00fcz\u00fcnden Artemisia  fazlas\u0131yla zarar g\u00f6r\u00fcyor. Artemisia\u2019n\u0131n art\u0131k Roma\u2019da ya\u015fayamayaca\u011f\u0131n\u0131 d\u00fc\u015f\u00fcnen babas\u0131 onu istemedi\u011fi biri ile evlenmeye zorluyor ve Artemisia zorunluluklar y\u00fcz\u00fcnden Piero Antonio Satiattesi ile evlenerek Floransaya yerle\u015fiyor. Floransa da sanat\u0131 sayesinde dikkat \u00e7ekmeyi ba\u015far\u0131yor. Ancak baz\u0131 kaynaklar Artemisia\u2019n\u0131n e\u015finin kumar ba\u011f\u0131ml\u0131s\u0131 oldu\u011fu ve kazand\u0131klar\u0131 paralar\u0131 kaybetti\u011fini sonras\u0131nda Artemisia\u2019n\u0131n ondan ayr\u0131larak iki k\u0131z\u0131 ile Napoli\u2019ye yerle\u015fti\u011fini s\u00f6ylemekte. Kesin olan \u015fey ise Artemisia\u2019n\u0131n Florensa, Cenova, Venedik ve Napoli\u2019de resim alan\u0131nda \u00e7ok b\u00fcy\u00fck ba\u015far\u0131lara imza att\u0131\u011f\u0131 ve k\u0131ymetli pek \u00e7ok eser b\u0131rakt\u0131\u011f\u0131d\u0131r.<\/em><\/p>\n\n\n\n<figure class=\"wp-block-image\"><img loading=\"lazy\" width=\"1024\" height=\"1024\" src=\"https:\/\/blog.ulubat.org\/wp-content\/uploads\/2020\/04\/107-Judith-Holofernesi-Katlederken-Judith-Slaying-Holofernes-Gentileschi-1024x1024.jpg\" alt=\"\" class=\"wp-image-5325\" srcset=\"https:\/\/blog.ulubat.org\/wp-content\/uploads\/2020\/04\/107-Judith-Holofernesi-Katlederken-Judith-Slaying-Holofernes-Gentileschi-1024x1024.jpg 1024w, https:\/\/blog.ulubat.org\/wp-content\/uploads\/2020\/04\/107-Judith-Holofernesi-Katlederken-Judith-Slaying-Holofernes-Gentileschi-150x150.jpg 150w, https:\/\/blog.ulubat.org\/wp-content\/uploads\/2020\/04\/107-Judith-Holofernesi-Katlederken-Judith-Slaying-Holofernes-Gentileschi-250x250.jpg 250w, https:\/\/blog.ulubat.org\/wp-content\/uploads\/2020\/04\/107-Judith-Holofernesi-Katlederken-Judith-Slaying-Holofernes-Gentileschi-125x125.jpg 125w, https:\/\/blog.ulubat.org\/wp-content\/uploads\/2020\/04\/107-Judith-Holofernesi-Katlederken-Judith-Slaying-Holofernes-Gentileschi-110x110.jpg 110w, https:\/\/blog.ulubat.org\/wp-content\/uploads\/2020\/04\/107-Judith-Holofernesi-Katlederken-Judith-Slaying-Holofernes-Gentileschi-420x420.jpg 420w\" sizes=\"(max-width: 1024px) 100vw, 1024px\" \/><\/figure>\n\n\n\n<p><em>Judith Slaying Holofernes<\/em><\/p>\n\n\n\n<p><\/p>\n\n\n\n<p><em>Bu eserin ressam\u0131n ruhunda derin izler b\u0131rakan olaylar y\u00fcz\u00fcnden bu denli vah\u015fet i\u00e7erikli oldu\u011fu d\u00fc\u015f\u00fcn\u00fclmektedir. Artemisia tecav\u00fczc\u00fcs\u00fcn\u00fc Holofernesin yerine koyarak ondan intikam almaktad\u0131r. <\/em><\/p>\n\n\n\n<p>Bulgulardan benim i\u00e7in en \u00e7arp\u0131c\u0131 olanlardan\nbiri de pek \u00e7ok ressam\u0131n karde\u015fi ile ilgili sorunlar ya\u015fam\u0131\u015f olmas\u0131. Karde\u015f\ntravmalar\u0131n\u0131n oran\u0131 baba travmalar\u0131 oran\u0131ndan fazla durumda. <\/p>\n\n\n\n<p>Ayr\u0131ca karde\u015f travmalar\u0131 kavram\u0131n\u0131n i\u00e7erisinde, karde\u015f ile anla\u015famamazl\u0131k, etkilenme (olumlu-olumsuz), \u00f6l\u00fcm(kay\u0131p) gibi durumlar yer al\u0131rken travmalar\u0131n %50 sinde \u00e7ocuk ya\u015fta karde\u015f kayb\u0131 gibi spesifik bir durum s\u00f6z konusu. Ayr\u0131ca bu kay\u0131plar Dali, Picasso, Van Gogh\u2019da oldu\u011fu gibi ebeveyn ili\u015fkilerine de yans\u0131yabiliyor. Ebeveynlerinin onlar\u0131 kaybedilen karde\u015finin yerine koymas\u0131 gibi durumlarla kar\u015f\u0131la\u015fan sanat\u00e7\u0131 say\u0131s\u0131 yads\u0131namayacak miktarda. Bu durum belki sanatlar\u0131n\u0131 da etkilemi\u015ftir kim bilir.<\/p>\n\n\n\n<p>Ayr\u0131ca 21 ressam\u0131n 10 tanesinin (%48) hayatlar\u0131n\u0131n belirli d\u00f6nemlerinde e\u015fleri ile ilgili travmalar ya\u015fad\u0131\u011f\u0131 tespit edildi. Bu 10 ressam\u0131n 2\u2019si e\u015f&#8217;i y\u00fcz\u00fcnden su\u00e7 i\u015flemi\u015f, 2 tanesi bir su\u00e7ta ma\u011fdur olmu\u015f, 3 tanesi e\u015fi ile ayr\u0131l\u0131k ya\u015fam\u0131\u015f, 7 tanesi ise e\u015fini \u00f6l\u00fcm sebebiyle kaybetmi\u015f. Ayn\u0131 zamanda 21 ressamdan 5 tanesinin ba\u015flad\u0131\u011f\u0131 okulu ve i\u015fi b\u0131rakt\u0131\u011f\u0131 g\u00f6r\u00fcl\u00fcyor.<\/p>\n\n\n\n<p>E\u015f-sevgili kaynakl\u0131\ntravmalardan bahsetti\u011fimizde, ressamlarda bir genelleme yapmak ger\u00e7ekten \u00e7ok\nzor. Picasso, Diego Riviera gibi ressamlar bir bak\u0131ma sadakatsizlikleri ile\nili\u015fkilendirilirlerken, Boticelli ve Van Gogh ise imkans\u0131z a\u015fka tutulmu\u015f\nressamlard\u0131r. \u00d6zellikle Boticelli h\u00fcz\u00fcnl\u00fc bir a\u015fk hikayesine sahip. <\/p>\n\n\n\n<p>Bu ressamlar\u0131n hayat hikayelerinden bahsetmeyi, eserlerini incelemeyi, hayatlar\u0131n\u0131n eserlerine olan etkisini uzun uzun yorumlamay\u0131 \u00e7ok isterdim ancak sizleri de yormamak i\u00e7in yaz\u0131ma, hayat hikayesi ve resme kazand\u0131rd\u0131\u011f\u0131 bak\u0131\u015f a\u00e7\u0131s\u0131 ile beni \u00e7ok etkilemi\u015f bir ressamdan bahsederek son vermek istiyorum. <\/p>\n\n\n\n<p><strong><em>Caravaggio\u2026<\/em><\/strong><em> Dahi ressam ve bir katil. <\/em><\/p>\n\n\n\n<p><em>&nbsp;Kendisi Barok sanat <\/em><em>ak\u0131m\u0131n\u0131n\nilk b\u00fcy\u00fck sanat\u00e7\u0131s\u0131d\u0131r<\/em><em>. Caraviggo yetene\u011fi\nve farkl\u0131 tarz\u0131 ile h\u0131zl\u0131ca sanatseverlerin dikkatini \u00e7ekmeyi ba\u015far\u0131r. Bunun\n\u00fczerine kilise onu denemek i\u00e7in Aziz Matta\u2019y\u0131 \u00e7izmesini ister. Caravaggio\u2019nun\nd\u00fczene ve kabullenilmi\u015fliklere ilk ba\u015fkald\u0131r\u0131s\u0131 olan Aziz Matta tablosunda\nkilisenin klasik tarz\u0131ndan eser yoktur. Matta ve \u00f6\u011fretici mele\u011fi tasvir etme\n\u015fekli kiliseye ayk\u0131r\u0131 d\u00fc\u015fm\u00fc\u015ft\u00fcr.&nbsp; Oysa\nCaravaggio ortaya bir sanat eseri \u00e7\u0131karm\u0131\u015ft\u0131r. Ancak kilise daha \u00e7ok zanaat\ng\u00f6rmek istemektedir. <\/em><\/p>\n\n\n\n<p><em>Caravaggio asl\u0131nda b\u00fct\u00fcn b\u00fcy\u00fck sanat\u00e7\u0131lar gibi topluma ayak uydurmakta zorlanan bir ressamd\u0131. Ama bu \u00f6zelli\u011fi onu kavgac\u0131 yap\u0131yordu. \u00c7evresine kar\u015f\u0131 agresif davran\u0131yordu. Kestirilemez bir ki\u015filik \u00f6zelli\u011fine sahipti. \u00a0Bu \u00f6zelli\u011fi onun pek \u00e7ok cinayete kar\u0131\u015fmas\u0131na sebep oldu. \u0130lk cinayetini bir kad\u0131n i\u00e7in i\u015fledi. Sevdi\u011fi kad\u0131na a\u015f\u0131k olan Mariano\u2019yu bir d\u00fcello\u2019ya davet etti. Mariano d\u00fcelloyu kabul etmedi ancak birka\u00e7 g\u00fcn sonra bir bar\u0131n \u00f6n\u00fcnde b\u0131\u00e7aklanm\u0131\u015f bir \u015fekilde \u00f6l\u00fc bulundu. Bu Caravaggio\u2019nun ilk cinayetiydi. Sonras\u0131nda Malta\u2019ya ka\u00e7an Caravaggio burada\u00a0 Sen Jean \u015f\u00f6valyelerine s\u0131\u011f\u0131nd\u0131 ancak ilerleyen g\u00fcnlerde bir \u015f\u00f6valyeyi \u00f6ld\u00fcrerek hapse at\u0131ld\u0131. Ama hala anla\u015f\u0131lamam\u0131\u015f bir \u015fekilde hapishaneden ka\u00e7may\u0131 ba\u015fard\u0131. <\/em><\/p>\n\n\n\n<div class=\"wp-block-image\"><figure class=\"aligncenter\"><img loading=\"lazy\" width=\"1024\" height=\"1024\" src=\"https:\/\/blog.ulubat.org\/wp-content\/uploads\/2020\/04\/unnamed-1024x1024.jpg\" alt=\"\" class=\"wp-image-5328\" srcset=\"https:\/\/blog.ulubat.org\/wp-content\/uploads\/2020\/04\/unnamed-1024x1024.jpg 1024w, https:\/\/blog.ulubat.org\/wp-content\/uploads\/2020\/04\/unnamed-150x150.jpg 150w, https:\/\/blog.ulubat.org\/wp-content\/uploads\/2020\/04\/unnamed-250x250.jpg 250w, https:\/\/blog.ulubat.org\/wp-content\/uploads\/2020\/04\/unnamed-125x125.jpg 125w, https:\/\/blog.ulubat.org\/wp-content\/uploads\/2020\/04\/unnamed-110x110.jpg 110w, https:\/\/blog.ulubat.org\/wp-content\/uploads\/2020\/04\/unnamed-768x768.jpg 768w\" sizes=\"(max-width: 1024px) 100vw, 1024px\" \/><\/figure><\/div>\n\n\n\n<p>David with the Head of Goliath<\/p>\n\n\n\n<p><\/p>\n\n\n\n<p><em>Napoli\u2019ye giden Caravaggio Roma\u2019ya giderek af\ndilemek istiyordu. Davut ve Goliath resminde,\nGoliath\u2019\u0131n ba\u015f\u0131 yerine kendi otoportresini koymas\u0131, kendi ba\u015f\u0131n\u0131 teslim etmek\nistedi\u011fini ifade ediyordu. <\/em><\/p>\n\n\n\n<p><em>Napoli\u2019de bir meyhanenin \u00f6n\u00fcnde sald\u0131r\u0131ya\nu\u011frayarak a\u011f\u0131r \u015fekilde yaraland\u0131. Sald\u0131r\u0131n\u0131n Malta \u015f\u00f6valyeleri taraf\u0131ndan\nger\u00e7ekle\u015ftirildi\u011fi tahmin edilse de hala kesin bir kan\u0131t bulunmamaktad\u0131r. Caravaggio\n1610 yaz\u0131nda, Papal\u0131k taraf\u0131ndan affedilme \u00fcmidiyle, Roma\u2019ya do\u011fru giden bir\ngemiye biner.&nbsp;<\/em><\/p>\n\n\n\n<p><em>Gemiye bindikten sonras\u0131 ve Caravaggio\u2019nun\n\u00f6l\u00fcm\u00fc konusunda bir\u00e7ok farkl\u0131 varsay\u0131mlar mevcuttur. Ancak sonras\u0131nda\nya\u015fananlar hakk\u0131nda hala kesin bir yarg\u0131ya var\u0131lamam\u0131\u015ft\u0131r.<\/em><\/p>\n\n\n\n<p>D\u00fcnya\u2019da yeni ak\u0131mlar\u0131n \u00f6nc\u00fcs\u00fc olmu\u015f, b\u00fcy\u00fck\nsanat\u00e7\u0131lar\u0131n hepsi ayr\u0131 birer hikayeye sahip ve bu hikayeler eserlerini,\nsanatlar\u0131n\u0131 da \u015fekillendirmi\u015f. Bizim \u00e7al\u0131\u015fmam\u0131zda inceledi\u011fimiz 21 ressam\u0131n\nisimlerini a\u015fa\u011f\u0131ya b\u0131rak\u0131yorum. \u0130lerleyen d\u00f6nemlerde kaynak\u00e7a b\u00f6l\u00fcm\u00fcne\n\u00e7al\u0131\u015fmam\u0131z\u0131n t\u00fcm verilerini i\u00e7eren bir belgeyi de ekleyece\u011fim. \u0130stedi\u011finiz\nzaman ula\u015fabilirsiniz. Bu karantina g\u00fcnlerinde sanatla kalman\u0131z dile\u011fiyle\u2026<\/p>\n\n\n\n<ul><li>V\u0131ncent Van Gogh,<\/li><li>Pablo P\u0131casso,<\/li><li>Anton\u0131o G\u0131ovann\u0131 Canaletto ,<\/li><li>P\u0131erre-Auguste Reno\u0131r,<\/li><li>Diego Rivera,<\/li><li>Cam\u0131lle P\u0131ssarro,<\/li><li> Georges Braque,<\/li><li>P\u0131ero Della Francesca,<\/li><li> Hale Asaf,<\/li><li>\u0130brahim \u00c7all\u0131,<\/li><li>Sandro Bott\u0131cell\u0131,<\/li><li>Caravagg\u0131o,<\/li><li>Lyubov Popova,<\/li><li>Jan Van Eyck,<\/li><li>Paul C\u00e9zanne,<\/li><li>Salvador Dal\u00ed,<\/li><li>Franc\u0131s Bacon,<\/li><li>Leonardo Da V\u0131nc\u0131<\/li><li>Artemisia Gentileschi,<\/li><li>Frans Hal,<\/li><li>Homas Ga\u0131nsborough<\/li><\/ul>\n\n\n\n<ul><li><strong>KAYNAK\u00c7A:<\/strong><\/li><li>John BERGER, Portreler (\u0130stanbul, Metis Yay\u0131nlar\u0131,2019), 504<\/li><li>Giorgio VASAR\u0130, Sanat\u00e7\u0131lar\u0131n Hayat Hikayeleri (\u0130stanbul, Sel Yay\u0131nc\u0131l\u0131k, 2018), 390<\/li><li>,Susie HODGE, Sanat-B\u00fcy\u00fck Sanat\u00e7\u0131lar ve Eserleri,Hakk\u0131nda Bilmeniz Gereken Her \u015eey (\u0130zmir, \u0130nk\u0131lap Kitabevi, 2019), 232<\/li><li>Sadun ALTUNA, \u00dcnl\u00fc,Ressamlar Hayatlar\u0131 ve Eserleri, (\u0130stanbul, Hayalperest Yay\u0131nevi, 2013), 280<\/li><li>Kolektif, Sanat\u00e7\u0131lar-Ya\u015famlar\u0131 ve Eserleri, (\u0130stanbul, Alfa Yay\u0131nc\u0131l\u0131k, 2018), 360<\/li><li>Elizabeth LUNDAY, B\u00fcy\u00fck Sanat\u00e7\u0131lar\u0131n Gizli Hayatlar\u0131, (\u0130stanbul, Domingo Yay\u0131nevi, 2014), 288<\/li><li><a href=\"https:\/\/www.natgeotv.com\/tr\/belgeseller\/natgeo\/deha\">https:\/\/www.natgeotv.com\/tr\/belgeseller\/natgeo\/deha<\/a><\/li><\/ul>\n","protected":false},"excerpt":{"rendered":"<p>Herkese merhaba arkada\u015flar, bug\u00fcn sizlere ressamlar\u0131n ya\u015famlar\u0131n\u0131, aile hayatlar\u0131n\u0131 ve ili\u015fkilerini inceledi\u011fimiz bir \u00e7al\u0131\u015fman\u0131n verilerinden ve bu \u00e7al\u0131\u015fma s\u0131ras\u0131ndan \u00f6\u011frendi\u011fim<\/p>\n","protected":false},"author":197,"featured_media":5327,"comment_status":"open","ping_status":"open","sticky":false,"template":"","format":"standard","meta":[],"categories":[1],"tags":[668,552,670,669,673],"acf":[],"views":2327,"_links":{"self":[{"href":"https:\/\/blog.ulubat.org\/index.php\/wp-json\/wp\/v2\/posts\/5322"}],"collection":[{"href":"https:\/\/blog.ulubat.org\/index.php\/wp-json\/wp\/v2\/posts"}],"about":[{"href":"https:\/\/blog.ulubat.org\/index.php\/wp-json\/wp\/v2\/types\/post"}],"author":[{"embeddable":true,"href":"https:\/\/blog.ulubat.org\/index.php\/wp-json\/wp\/v2\/users\/197"}],"replies":[{"embeddable":true,"href":"https:\/\/blog.ulubat.org\/index.php\/wp-json\/wp\/v2\/comments?post=5322"}],"version-history":[{"count":16,"href":"https:\/\/blog.ulubat.org\/index.php\/wp-json\/wp\/v2\/posts\/5322\/revisions"}],"predecessor-version":[{"id":5863,"href":"https:\/\/blog.ulubat.org\/index.php\/wp-json\/wp\/v2\/posts\/5322\/revisions\/5863"}],"wp:featuredmedia":[{"embeddable":true,"href":"https:\/\/blog.ulubat.org\/index.php\/wp-json\/wp\/v2\/media\/5327"}],"wp:attachment":[{"href":"https:\/\/blog.ulubat.org\/index.php\/wp-json\/wp\/v2\/media?parent=5322"}],"wp:term":[{"taxonomy":"category","embeddable":true,"href":"https:\/\/blog.ulubat.org\/index.php\/wp-json\/wp\/v2\/categories?post=5322"},{"taxonomy":"post_tag","embeddable":true,"href":"https:\/\/blog.ulubat.org\/index.php\/wp-json\/wp\/v2\/tags?post=5322"}],"curies":[{"name":"wp","href":"https:\/\/api.w.org\/{rel}","templated":true}]}}