{"id":5932,"date":"2020-06-10T14:39:29","date_gmt":"2020-06-10T11:39:29","guid":{"rendered":"http:\/\/blog.ulubat.org\/?p=5932"},"modified":"2020-06-10T14:39:33","modified_gmt":"2020-06-10T11:39:33","slug":"hepimiz-biraz-frida-kahlo","status":"publish","type":"post","link":"https:\/\/blog.ulubat.org\/index.php\/genel\/hepimiz-biraz-frida-kahlo\/","title":{"rendered":"HEP\u0130M\u0130Z B\u0130RAZ &#8220;FRIDA KAHLO&#8221;"},"content":{"rendered":"\n<figure class=\"wp-block-image\"><img loading=\"lazy\" width=\"1024\" height=\"1024\" src=\"https:\/\/blog.ulubat.org\/wp-content\/uploads\/2020\/06\/frida-kahlo-defter-aa7c-1568795783-1024x1024.jpg\" alt=\"\" class=\"wp-image-5933\" srcset=\"https:\/\/blog.ulubat.org\/wp-content\/uploads\/2020\/06\/frida-kahlo-defter-aa7c-1568795783-1024x1024.jpg 1024w, https:\/\/blog.ulubat.org\/wp-content\/uploads\/2020\/06\/frida-kahlo-defter-aa7c-1568795783-150x150.jpg 150w, https:\/\/blog.ulubat.org\/wp-content\/uploads\/2020\/06\/frida-kahlo-defter-aa7c-1568795783-250x250.jpg 250w, https:\/\/blog.ulubat.org\/wp-content\/uploads\/2020\/06\/frida-kahlo-defter-aa7c-1568795783-125x125.jpg 125w, https:\/\/blog.ulubat.org\/wp-content\/uploads\/2020\/06\/frida-kahlo-defter-aa7c-1568795783-110x110.jpg 110w, https:\/\/blog.ulubat.org\/wp-content\/uploads\/2020\/06\/frida-kahlo-defter-aa7c-1568795783-420x420.jpg 420w, https:\/\/blog.ulubat.org\/wp-content\/uploads\/2020\/06\/frida-kahlo-defter-aa7c-1568795783-768x768.jpg 768w\" sizes=\"(max-width: 1024px) 100vw, 1024px\" \/><\/figure>\n\n\n\n<p class=\"has-drop-cap has-medium-font-size\">Yirminci y\u00fczy\u0131l  pop\u00fcler k\u00fclt\u00fcr ikonu haline gelen Meksikal\u0131 \u00fcnl\u00fc ressam Frida Kahlo&#8217;nun ya\u015fam\u0131n\u0131 daha yak\u0131ndan tan\u0131yal\u0131m. Eserlerindeki gizemi g\u00fcn\u00fcm\u00fczde dahi tam olarak \u00e7\u00f6zememi\u015f olsak da onun ya\u015fam\u0131na dair bir \u015feyler \u00f6\u011frenerek sis perdesini biraz aralayabiliriz.<\/p>\n\n\n\n<p class=\"has-medium-font-size\">6 Temmuz 1907 tarihinde Meksika&#8217;da do\u011fmu\u015f olmas\u0131na ra\u011fmen, sonras\u0131nda  do\u011fum tarihinin 7 Temmuz 1910 olarak an\u0131lmas\u0131n\u0131 ister. Bu tarih Meksika Devrimi&#8217;nin ger\u00e7ekle\u015fti\u011fi tarihtir ve Kahlo kendi ya\u015fam\u0131n\u0131n modern Meksika&#8217;n\u0131n do\u011fu\u015fuyla ba\u015flayan bir hayat olarak an\u0131lmas\u0131n\u0131 arzular.<\/p>\n\n\n\n<p class=\"has-medium-font-size\">Ya\u015fam\u0131 boyunca bir\u00e7ok zorlukla kar\u015f\u0131la\u015fan Frida, hen\u00fcz alt\u0131 ya\u015f\u0131ndayken \u00e7ocuk felci hastal\u0131\u011f\u0131na yakalan\u0131r. Hastal\u0131k sonucunda sa\u011f baca\u011f\u0131 sakat kal\u0131r. Bu y\u00fczden Kahlo&#8217;ya o d\u00f6nemde ya\u015f\u0131tlar\u0131 taraf\u0131ndan &#8220;Tahta Bacak Frida&#8221; denildi\u011fi s\u00f6ylenir. O da baca\u011f\u0131n\u0131 gizlemek i\u00e7in uzun etekler giyer. Ancak hayattaki m\u00fccadelesinden asla vazge\u00e7mez. Kahlo, doktor olmak ister ve \u00e7ok \u00e7al\u0131\u015f\u0131r. D\u00f6nemin en iyi e\u011fitimini veren Ulusal Haz\u0131rl\u0131k Okulu T\u0131p E\u011fitimi B\u00f6l\u00fcm\u00fc&#8217;ne kabul edilen ilk k\u0131z \u00f6\u011frencilerden biri olur. Okulda sanat, edebiyat ve felsefe alanlar\u0131nda da kendini geli\u015ftirir.<\/p>\n\n\n\n<figure class=\"wp-block-image\"><img loading=\"lazy\" width=\"1024\" height=\"1024\" src=\"https:\/\/blog.ulubat.org\/wp-content\/uploads\/2020\/06\/0005180_kaza-ve-sonrasi_800-1024x1024.jpeg\" alt=\"\" class=\"wp-image-5935\" srcset=\"https:\/\/blog.ulubat.org\/wp-content\/uploads\/2020\/06\/0005180_kaza-ve-sonrasi_800-1024x1024.jpeg 1024w, https:\/\/blog.ulubat.org\/wp-content\/uploads\/2020\/06\/0005180_kaza-ve-sonrasi_800-150x150.jpeg 150w, https:\/\/blog.ulubat.org\/wp-content\/uploads\/2020\/06\/0005180_kaza-ve-sonrasi_800-250x250.jpeg 250w, https:\/\/blog.ulubat.org\/wp-content\/uploads\/2020\/06\/0005180_kaza-ve-sonrasi_800-125x125.jpeg 125w, https:\/\/blog.ulubat.org\/wp-content\/uploads\/2020\/06\/0005180_kaza-ve-sonrasi_800-110x110.jpeg 110w, https:\/\/blog.ulubat.org\/wp-content\/uploads\/2020\/06\/0005180_kaza-ve-sonrasi_800-420x420.jpeg 420w\" sizes=\"(max-width: 1024px) 100vw, 1024px\" \/><\/figure>\n\n\n\n<p class=\"has-medium-font-size\">E\u011fitiminde her \u015fey yolunda giderken, on sekiz ya\u015f\u0131nda ge\u00e7irdi\u011fi bir trafik kazas\u0131 t\u00fcm hayat\u0131n\u0131 alt \u00fcst eder. Okuldan eve d\u00f6nerken bindi\u011fi otob\u00fcs ile bir tramvay \u00e7arp\u0131\u015f\u0131r. Kazada, tramvay\u0131n demir \u00e7ubuklar\u0131ndan birisi Frida&#8217;n\u0131n sol kal\u00e7as\u0131ndan girip le\u011fen kemi\u011finden \u00e7\u0131kar. Kazadan sonra t\u00fcm hayat\u0131, hastaneler ve doktorlar aras\u0131nda ge\u00e7er. Omurgas\u0131nda ve sa\u011f baca\u011f\u0131nda b\u00fcy\u00fck bir travma olu\u015fmu\u015ftur. Otuz iki kez ameliyat masas\u0131na yatar Kahlo. Maalesef ki daha sonra, \u00e7ocuk felci sonucu sakat kalan sa\u011f baca\u011f\u0131 da kangrenden dolay\u0131 ampute edilir.<\/p>\n\n\n\n<figure class=\"wp-block-image\"><img loading=\"lazy\" width=\"1024\" height=\"1024\" src=\"https:\/\/blog.ulubat.org\/wp-content\/uploads\/2020\/06\/0005137_800-1024x1024.jpeg\" alt=\"\" class=\"wp-image-5936\" srcset=\"https:\/\/blog.ulubat.org\/wp-content\/uploads\/2020\/06\/0005137_800-1024x1024.jpeg 1024w, https:\/\/blog.ulubat.org\/wp-content\/uploads\/2020\/06\/0005137_800-150x150.jpeg 150w, https:\/\/blog.ulubat.org\/wp-content\/uploads\/2020\/06\/0005137_800-250x250.jpeg 250w, https:\/\/blog.ulubat.org\/wp-content\/uploads\/2020\/06\/0005137_800-125x125.jpeg 125w, https:\/\/blog.ulubat.org\/wp-content\/uploads\/2020\/06\/0005137_800-110x110.jpeg 110w, https:\/\/blog.ulubat.org\/wp-content\/uploads\/2020\/06\/0005137_800-420x420.jpeg 420w, https:\/\/blog.ulubat.org\/wp-content\/uploads\/2020\/06\/0005137_800-768x768.jpeg 768w\" sizes=\"(max-width: 1024px) 100vw, 1024px\" \/><figcaption>&#8220;Kadife Elbiseli&#8221;<\/figcaption><\/figure>\n\n\n\n<p class=\"has-medium-font-size\">Kazadan bir ay sonra hastaneden \u00e7\u0131kan Frida, ailesinin de deste\u011fiyle ruhsal ac\u0131lar\u0131ndan kurtulmak i\u00e7in resim yapmaya ba\u015flar.Yata\u011f\u0131n\u0131n \u00fczerinde duran aynaya bakarak, ki bu aynay\u0131 &#8220;g\u00fcnd\u00fczlerin ve gecelerin cellad\u0131&#8221; olarak tan\u0131mlar, \u00e7e\u015fitli otoportreler \u00e7izer. \u0130lk eserlerinden biri &#8220;Kadife Elbiseli&#8221; isimli otoportresidir. <\/p>\n\n\n\n<p class=\"has-medium-font-size\">1927 y\u0131l\u0131nda, hem ruhen hem de bedenen iyile\u015fmeye ba\u015flayan Kahlo, o d\u00f6nemdeki sanat ve politika \u00e7evreleriyle yak\u0131nla\u015f\u0131r. Julio Antonio Mella ve foto\u011fraf sanat\u00e7\u0131s\u0131 Tina Modotti ile tan\u0131\u015f\u0131r. Birlikte d\u00f6nemin sanat\u00e7\u0131lar\u0131n\u0131n davetlerine, sosyalistlerin tart\u0131\u015fmalar\u0131na kat\u0131l\u0131rlar. B\u00fct\u00fcn bunlar olurken Kahlo, resim \u00e7izmeye de devam eder. Bir yandan da \u00e7izimlerini o d\u00f6nemde Meksika&#8217;n\u0131n  Michelangelo&#8217;su olarak an\u0131lan \u00fcnl\u00fc ressam Diego Rivera&#8217;ya g\u00f6stermek arzusundad\u0131r. U\u011fra\u015flar\u0131 sonucu Diego ile tan\u0131\u015f\u0131r. Aralar\u0131nda romantik bir ili\u015fki do\u011fan iki ressam tan\u0131\u015ft\u0131ktan k\u0131sa s\u00fcre sonra, 1929 y\u0131l\u0131nda, evlenirler. Evlilikleri &#8220;fil ile g\u00fcvercinin evlili\u011fine&#8221; benzetilir. Bu benzetme belki d\u0131\u015f g\u00f6r\u00fcn\u00fc\u015flerinden dolay\u0131d\u0131r belki de Kahlo&#8217;nun \u00f6zg\u00fcr ve m\u00fccadeleci tavr\u0131na ithafendir kim bilir?<\/p>\n\n\n\n<figure class=\"wp-block-image\"><img loading=\"lazy\" width=\"1024\" height=\"1024\" src=\"https:\/\/blog.ulubat.org\/wp-content\/uploads\/2020\/06\/0005176_frida-ve-diego-rivera-1931_800-1024x1024.jpeg\" alt=\"\" class=\"wp-image-5938\" srcset=\"https:\/\/blog.ulubat.org\/wp-content\/uploads\/2020\/06\/0005176_frida-ve-diego-rivera-1931_800-1024x1024.jpeg 1024w, https:\/\/blog.ulubat.org\/wp-content\/uploads\/2020\/06\/0005176_frida-ve-diego-rivera-1931_800-150x150.jpeg 150w, https:\/\/blog.ulubat.org\/wp-content\/uploads\/2020\/06\/0005176_frida-ve-diego-rivera-1931_800-250x250.jpeg 250w, https:\/\/blog.ulubat.org\/wp-content\/uploads\/2020\/06\/0005176_frida-ve-diego-rivera-1931_800-125x125.jpeg 125w, https:\/\/blog.ulubat.org\/wp-content\/uploads\/2020\/06\/0005176_frida-ve-diego-rivera-1931_800-110x110.jpeg 110w, https:\/\/blog.ulubat.org\/wp-content\/uploads\/2020\/06\/0005176_frida-ve-diego-rivera-1931_800-420x420.jpeg 420w, https:\/\/blog.ulubat.org\/wp-content\/uploads\/2020\/06\/0005176_frida-ve-diego-rivera-1931_800-768x768.jpeg 768w\" sizes=\"(max-width: 1024px) 100vw, 1024px\" \/><figcaption><strong>&#8220;Frida ve Diego Rivera&#8221;<\/strong><\/figcaption><\/figure>\n\n\n\n<p class=\"has-medium-font-size\">\u00c7alkant\u0131l\u0131 bir evlilikleri olmu\u015ftur. Frida, Diego ile evlili\u011finin kendi i\u00e7 d\u00fcnyas\u0131nda yaratt\u0131\u011f\u0131 etkilere eserlerinde s\u0131kl\u0131kla yer verir. Hatta evliliklerinden iki y\u0131l sonra d\u00fc\u011f\u00fcn foto\u011fraflar\u0131ndan esinlenerek &#8220;Frida ve Diego Rivera&#8221; tablosunu yapar. Eseri, San Fransisco Kad\u0131n Ressamlar Toplulu\u011fu&#8217;nun y\u0131ll\u0131k sergisinde yer al\u0131r.<\/p>\n\n\n\n<p class=\"has-medium-font-size\">Frida, bedensel ve ruhsal ac\u0131lar\u0131n\u0131 hafifletmek i\u00e7in resimlerini yapmaya t\u00fcm g\u00fcc\u00fcyle devam eder. Sadece kendi \u00fclkesinde de\u011fil \u00e7e\u015fitli \u00fclkelerde de sergiler a\u00e7ar ve resimleri b\u00fcy\u00fck be\u011feni toplar. 1943&#8217;te bir sanat okulunda \u00f6\u011fretim \u00fcyeli\u011fine ba\u015flayan Frida, sa\u011fl\u0131k sorunlar\u0131na ra\u011fmen on y\u0131l boyunca e\u011fitim vermeye devam eder ve \u00f6\u011frencileri o d\u00f6nemde &#8220;Los Fridos&#8221; (Frida \u00f6\u011frencileri) olarak an\u0131l\u0131r. 1948&#8217;te Meksika Kom\u00fcnist Partisi&#8217;ne kat\u0131l\u0131r.<\/p>\n\n\n\n<figure class=\"wp-block-image is-resized\"><img loading=\"lazy\" src=\"https:\/\/blog.ulubat.org\/wp-content\/uploads\/2020\/06\/8a0d2f96510b995f72885700b50f73cf-1024x1024.jpg\" alt=\"\" class=\"wp-image-5939\" width=\"599\" height=\"599\" srcset=\"https:\/\/blog.ulubat.org\/wp-content\/uploads\/2020\/06\/8a0d2f96510b995f72885700b50f73cf-1024x1024.jpg 1024w, https:\/\/blog.ulubat.org\/wp-content\/uploads\/2020\/06\/8a0d2f96510b995f72885700b50f73cf-150x150.jpg 150w, https:\/\/blog.ulubat.org\/wp-content\/uploads\/2020\/06\/8a0d2f96510b995f72885700b50f73cf-250x250.jpg 250w, https:\/\/blog.ulubat.org\/wp-content\/uploads\/2020\/06\/8a0d2f96510b995f72885700b50f73cf-125x125.jpg 125w, https:\/\/blog.ulubat.org\/wp-content\/uploads\/2020\/06\/8a0d2f96510b995f72885700b50f73cf-110x110.jpg 110w, https:\/\/blog.ulubat.org\/wp-content\/uploads\/2020\/06\/8a0d2f96510b995f72885700b50f73cf-768x768.jpg 768w\" sizes=\"(max-width: 599px) 100vw, 599px\" \/><figcaption>&#8220;Ya\u015fas\u0131n Ya\u015fam&#8221;<\/figcaption><\/figure>\n\n\n\n<p class=\"has-medium-font-size\">Frida Kahlo, 13 Temmuz 1954 tarihinde akci\u011ferine ka\u00e7an p\u0131ht\u0131 (pulmoner emboli) sonucu hayata veda eder. Geride b\u0131rakt\u0131\u011f\u0131 son eseri hayat\u0131n tezatl\u0131\u011f\u0131n\u0131 bir kez daha g\u00f6zler \u00f6n\u00fcne seren &#8220;Ya\u015fas\u0131n Ya\u015fam&#8221; isimli tablodur. Frida&#8217;n\u0131n k\u00fclleri \u00e7ocuklu\u011funun ge\u00e7ti\u011fi Mavi Ev&#8217;de muhafaza edilmektedir. <\/p>\n\n\n\n<p class=\"has-medium-font-size\">A\u015fa\u011f\u0131da belirtti\u011fim link ile siz de orijinal ismiyle &#8220;La Casa Azul&#8221; olan, Meksika&#8217;da bulunan Mavi Evi sanal ortamda ziyaret edebilirsiniz.<\/p>\n\n\n\n<p><a href=\"https:\/\/www.recorridosvirtuales.com\/frida_kahlo\/museo_frida_kahlo.html\">https:\/\/www.recorridosvirtuales.com\/frida_kahlo\/museo_frida_kahlo.html<\/a><\/p>\n\n\n\n<p class=\"has-medium-font-size\">Frida Kahlo&#8217;nun 143 eseri vard\u0131r. Bunlardan 55 tanesi otoportredir. Resimlerindeki ustal\u0131k Pablo Picasso&#8217;ya bile &#8220;biz onun gibi insan y\u00fczleri \u00e7izmeyi bilmiyoruz&#8221; dedirtmi\u015ftir. Kahlo&#8217;nun eserleri her ne kadar s\u00fcrrealist  resimler olarak de\u011ferlendirilse de kendisi eserlerinin ac\u0131 ve kesin ger\u00e7ekli\u011fi yans\u0131tt\u0131\u011f\u0131n\u0131 savunmu\u015f ve s\u00fcrrealizmi reddetmi\u015ftir. Ayr\u0131ca eserlerinde Meksika k\u00fclt\u00fcr\u00fcn\u00fcn ve devrimci ulusal kimli\u011finin yans\u0131malar\u0131 da g\u00f6r\u00fcl\u00fcr.<\/p>\n\n\n\n<figure class=\"wp-block-image\"><img loading=\"lazy\" width=\"691\" height=\"1024\" src=\"https:\/\/blog.ulubat.org\/wp-content\/uploads\/2020\/06\/frida_8459-691x1024.jpg\" alt=\"\" class=\"wp-image-5940\" srcset=\"https:\/\/blog.ulubat.org\/wp-content\/uploads\/2020\/06\/frida_8459-691x1024.jpg 691w, https:\/\/blog.ulubat.org\/wp-content\/uploads\/2020\/06\/frida_8459-270x400.jpg 270w, https:\/\/blog.ulubat.org\/wp-content\/uploads\/2020\/06\/frida_8459-768x1138.jpg 768w, https:\/\/blog.ulubat.org\/wp-content\/uploads\/2020\/06\/frida_8459-74x110.jpg 74w, https:\/\/blog.ulubat.org\/wp-content\/uploads\/2020\/06\/frida_8459-284x420.jpg 284w, https:\/\/blog.ulubat.org\/wp-content\/uploads\/2020\/06\/frida_8459-290x430.jpg 290w, https:\/\/blog.ulubat.org\/wp-content\/uploads\/2020\/06\/frida_8459.jpg 810w\" sizes=\"(max-width: 691px) 100vw, 691px\" \/><\/figure>\n\n\n\n<p class=\"has-medium-font-size\">2002 y\u0131l\u0131nda, Frida Kahlo&#8217;nun ya\u015fam hikayesini konu alan biyografik bir film \u00e7ekilmi\u015ftir.  Salma Hayek&#8217;in Frida Kahlo&#8217;yu oynad\u0131\u011f\u0131 bu film \u00e7ok be\u011fenilmi\u015f ve \u00e7e\u015fitli dallarda iki \u00f6d\u00fcle lay\u0131k g\u00f6r\u00fclm\u00fc\u015ft\u00fcr.<\/p>\n\n\n\n<p class=\"has-medium-font-size\">M\u00fccadele dolu bir ya\u015fam\u0131n izlerinin g\u00fcn\u00fcm\u00fcze yans\u0131yan bilgileriyle Frida Kahlo&#8217;nun hayat\u0131 bizlere, hayatta ne ya\u015farsak ya\u015fayal\u0131m vazge\u00e7meden devam etmemiz gerekti\u011fini bir kez daha hat\u0131rlatm\u0131\u015ft\u0131r belki. Ba\u015fl\u0131kta da belirtti\u011fim gibi, hepimiz biraz Frida Kahlo de\u011fil miyiz kendi hayatlar\u0131m\u0131zda?<\/p>\n\n\n\n<p>KAYNAKLAR:<\/p>\n\n\n\n<p><a href=\"https:\/\/tr.m.wikipedia.org\/wiki\/Frida_Kahlo\">https:\/\/tr.m.wikipedia.org\/wiki\/Frida_Kahlo<\/a><\/p>\n\n\n\n<p><a href=\"https:\/\/www.pivada.com\/frida-kahlo-kaza-ve-sonrasi\">https:\/\/www.pivada.com\/frida-kahlo-kaza-ve-sonrasi7<\/a><\/p>\n\n\n\n<p>Listelist:&#8221;Ya\u015fam\u0131ndan izlerle Frida Kahlo&#8217;nun Eserleri ve Bilinmeyen Hikayeleri&#8221;.<\/p>\n","protected":false},"excerpt":{"rendered":"<p>Yirminci y\u00fczy\u0131l pop\u00fcler k\u00fclt\u00fcr ikonu haline gelen Meksikal\u0131 \u00fcnl\u00fc ressam Frida Kahlo&#8217;nun ya\u015fam\u0131n\u0131 daha yak\u0131ndan tan\u0131yal\u0131m. Eserlerindeki gizemi g\u00fcn\u00fcm\u00fczde dahi<\/p>\n","protected":false},"author":266,"featured_media":5934,"comment_status":"open","ping_status":"open","sticky":false,"template":"","format":"standard","meta":[],"categories":[1],"tags":[777,778,552],"acf":[],"views":1977,"_links":{"self":[{"href":"https:\/\/blog.ulubat.org\/index.php\/wp-json\/wp\/v2\/posts\/5932"}],"collection":[{"href":"https:\/\/blog.ulubat.org\/index.php\/wp-json\/wp\/v2\/posts"}],"about":[{"href":"https:\/\/blog.ulubat.org\/index.php\/wp-json\/wp\/v2\/types\/post"}],"author":[{"embeddable":true,"href":"https:\/\/blog.ulubat.org\/index.php\/wp-json\/wp\/v2\/users\/266"}],"replies":[{"embeddable":true,"href":"https:\/\/blog.ulubat.org\/index.php\/wp-json\/wp\/v2\/comments?post=5932"}],"version-history":[{"count":1,"href":"https:\/\/blog.ulubat.org\/index.php\/wp-json\/wp\/v2\/posts\/5932\/revisions"}],"predecessor-version":[{"id":5941,"href":"https:\/\/blog.ulubat.org\/index.php\/wp-json\/wp\/v2\/posts\/5932\/revisions\/5941"}],"wp:featuredmedia":[{"embeddable":true,"href":"https:\/\/blog.ulubat.org\/index.php\/wp-json\/wp\/v2\/media\/5934"}],"wp:attachment":[{"href":"https:\/\/blog.ulubat.org\/index.php\/wp-json\/wp\/v2\/media?parent=5932"}],"wp:term":[{"taxonomy":"category","embeddable":true,"href":"https:\/\/blog.ulubat.org\/index.php\/wp-json\/wp\/v2\/categories?post=5932"},{"taxonomy":"post_tag","embeddable":true,"href":"https:\/\/blog.ulubat.org\/index.php\/wp-json\/wp\/v2\/tags?post=5932"}],"curies":[{"name":"wp","href":"https:\/\/api.w.org\/{rel}","templated":true}]}}