{"id":9246,"date":"2020-12-27T16:55:00","date_gmt":"2020-12-27T13:55:00","guid":{"rendered":"http:\/\/blog.ulubat.org\/?p=9246"},"modified":"2020-12-28T18:17:21","modified_gmt":"2020-12-28T15:17:21","slug":"seslere-karsi-asiri-hassasiyet-misophonia","status":"publish","type":"post","link":"https:\/\/blog.ulubat.org\/index.php\/genel\/seslere-karsi-asiri-hassasiyet-misophonia\/","title":{"rendered":"SESLERE KAR\u015eI A\u015eIRI HASSAS\u0130YET: MISOPHONIA"},"content":{"rendered":"\n<div class=\"wp-block-image is-style-default\"><figure class=\"aligncenter\"><img loading=\"lazy\" width=\"780\" height=\"435\" src=\"https:\/\/blog.ulubat.org\/wp-content\/uploads\/2020\/12\/msphnpctrs.png\" alt=\"\" class=\"wp-image-9251\" srcset=\"https:\/\/blog.ulubat.org\/wp-content\/uploads\/2020\/12\/msphnpctrs.png 780w, https:\/\/blog.ulubat.org\/wp-content\/uploads\/2020\/12\/msphnpctrs-400x223.png 400w, https:\/\/blog.ulubat.org\/wp-content\/uploads\/2020\/12\/msphnpctrs-768x428.png 768w, https:\/\/blog.ulubat.org\/wp-content\/uploads\/2020\/12\/msphnpctrs-110x61.png 110w, https:\/\/blog.ulubat.org\/wp-content\/uploads\/2020\/12\/msphnpctrs-420x234.png 420w, https:\/\/blog.ulubat.org\/wp-content\/uploads\/2020\/12\/msphnpctrs-248x138.png 248w, https:\/\/blog.ulubat.org\/wp-content\/uploads\/2020\/12\/msphnpctrs-770x430.png 770w\" sizes=\"(max-width: 780px) 100vw, 780px\" \/><figcaption>Kaynak:<a href=\"https:\/\/www.flickr.com\/photos\/mariohearingclinic\/37014077862\/in\/photolist-YoNPNf-caDUs1-uLpX63-dcjR1T-JAXZ9P-2h6Sgun-2euvHq6-SuHQMT-bB6tiR-28eQMsE-b8dMfk-238LpbJ-z\"> Flickr<\/a><\/figcaption><\/figure><\/div>\n\n\n\n<p class=\"has-medium-font-size\">      Hayat\u0131m\u0131z boyunca ger\u00e7ekle\u015ftirdi\u011fimiz eyleme ve de\u011fi\u015ftirdi\u011fimiz konuma g\u00f6re bulundu\u011fumuz yerin g\u00f6r\u00fcnt\u00fcs\u00fc, sesi, kokusu ve daha bir\u00e7ok \u00f6zelli\u011fi de\u011fi\u015febilir. Haliyle ortam de\u011fi\u015ftirdi\u011fimizde \u00f6zellikle farkl\u0131 seslere de maruz kal\u0131r\u0131z. \u00d6rne\u011fin \u00e7evremizdeki ki\u015filer yemek yerken, biriyle konu\u015furken, yutkunurken, ayaklar\u0131yla bir yere vururken, sak\u0131z \u00e7i\u011fnerken ve bunun gibi bir\u00e7ok ses \u00e7\u0131kart\u0131rken bu sesleri duyar hatta rahats\u0131z oluruz. Ancak baz\u0131 ki\u015filer bu seslere v\u00fccutlar\u0131nda yo\u011fun bir rahats\u0131zl\u0131k hissetmeleri nedeniyle tahamm\u00fcl edemeyip bulunduklar\u0131 yerden ka\u00e7abilirler. E\u011fer bu tip seslere kar\u015f\u0131 b\u00f6yle tepkiler veriyorsan\u0131z misophonia hastas\u0131 olabilirsiniz.<\/p>\n\n\n\n<h2> Misophonia Nedir? <\/h2>\n\n\n\n<p class=\"has-medium-font-size\">    &nbsp; Misophonia, g\u00fcn\u00fcm\u00fczde h\u0131zla artan, belirli g\u00fcnl\u00fck seslere olumsuz duygusal ya da otonomik tepki ile karakterize bir hastal\u0131kt\u0131r. Yunanca misos (nefret) ve ph\u00f3n\u00e8 (ses) s\u00f6zc\u00fcklerinden t\u00fcretilen misophonia sesten nefret etme anlam\u0131na gelir. Bu hastal\u0131k, ge\u00e7mi\u015f zamanlarda g\u00f6r\u00fclse de ilk olarak 2001 y\u0131l\u0131nda Jastreboff isimli bir bilim insan\u0131 taraf\u0131ndan tan\u0131mlanm\u0131\u015ft\u0131r. Yaz\u0131 yazma, bebek a\u011flama sesi, sak\u0131z \u00e7i\u011fneme, yemek yeme, aritmik sesler, paket a\u00e7ma sesi, &nbsp;yutkunma, nefes alma, \u00f6ks\u00fcrme, televizyon sesi, g\u00fclme, hap\u015f\u0131rma, horlama, \u0131sl\u0131k gibi \u00e7o\u011fu insan kaynakl\u0131 s\u0131radan seslerden a\u015f\u0131r\u0131 derecede rahats\u0131z olan misophonia hastalar\u0131 bu sesleri duydu\u011funda \u00f6fkelenebilir, yo\u011fun kayg\u0131 ya\u015fayabilir ve ka\u00e7\u0131nma davran\u0131\u015f\u0131 g\u00f6sterebilir. Misophonia hastalar\u0131 bu tip seslere veya ses gruplar\u0131na belirli bir kal\u0131p ya da anlam y\u00fcklemektedir ve bunlarla kar\u015f\u0131la\u015ft\u0131klar\u0131nda anormal derecede g\u00fc\u00e7l\u00fc duygusal ve davran\u0131\u015fsal tepki g\u00f6sterirler.<\/p>\n\n\n\n<figure class=\"wp-block-image is-resized\"><img loading=\"lazy\" src=\"https:\/\/blog.ulubat.org\/wp-content\/uploads\/2020\/12\/\u0131mgmsphnpctrs-365x400.png\" alt=\"\" class=\"wp-image-9257\" width=\"484\" height=\"530\" srcset=\"https:\/\/blog.ulubat.org\/wp-content\/uploads\/2020\/12\/\u0131mgmsphnpctrs-365x400.png 365w, https:\/\/blog.ulubat.org\/wp-content\/uploads\/2020\/12\/\u0131mgmsphnpctrs-100x110.png 100w, https:\/\/blog.ulubat.org\/wp-content\/uploads\/2020\/12\/\u0131mgmsphnpctrs-384x420.png 384w, https:\/\/blog.ulubat.org\/wp-content\/uploads\/2020\/12\/\u0131mgmsphnpctrs.png 390w\" sizes=\"(max-width: 484px) 100vw, 484px\" \/><figcaption>Kaynak:<a href=\"\/\/www.flickr.com\/photos\/143664310@N06\/42819822670\/in\/photolist-28eQMsE-b8dMfk-238LpbJ-zm6Q4G-MeHDip-2euvHkB-KAsYR1-dZuTQm-2jjdCbE-qFpc-T4i5bD-TGWjWm-2ke4VVd-e4AP9A-2k3zfMZ-9cv6ao-22vvGUn-ehFE2s-tHrXvg-2ghuAgc-29RiYhh-dD6Etj-qLTN6y-MM1T4f-qFkei3-2jnVSjD-XnvjzL-rk4Biz-22cuLjj-qCoZev-2iLr3oe-sJCis4-Thkdmh-g41Svs-2h4szmK-2h3XHem-2h5nNrc-2h3FAGA-22FrEua-rRRJCL-27H8iC8-TrQLcf-Xo4qxJ-Xo4qps-no1ctY-yJMEtg-n9Vb1H-r6fQG1-oejWJa-q5krY6\"> Flickr<\/a><\/figcaption><\/figure>\n\n\n\n<h2><strong>Misophonia Hastalar\u0131n\u0131n \u00d6zellikleri<\/strong><\/h2>\n\n\n\n<p class=\"has-medium-font-size\">&nbsp;&nbsp;&nbsp; Misophonia hastal\u0131\u011f\u0131 genellikle \u00e7ocukluk veya ergenlik d\u00f6neminde ba\u015flar ve okul performanslar\u0131n\u0131 olumsuz y\u00f6nde etkiler. Toplumda on ki\u015fiden ikisinde misophonia g\u00f6r\u00fclmesi m\u00fcmk\u00fcnd\u00fcr. Hastalar, etkilendikleri seslerle kar\u015f\u0131la\u015ft\u0131klar\u0131nda duygusal tiksintiye ek olarak bazen g\u00f6\u011f\u00fcslerinde fiziksel bask\u0131 olu\u015ftu\u011funu ve o sesi \u00e7\u0131karan ki\u015fiyi ya da nesneyi durdurma arzusunun artt\u0131\u011f\u0131n\u0131 belirtmi\u015ftir. Kulak \u00e7\u0131nlamas\u0131 olan ki\u015filerde misophonia g\u00f6r\u00fclme s\u0131kl\u0131\u011f\u0131 daha fazlad\u0131r. \u00c7\u00fcnk\u00fc kulak \u00e7\u0131nlamas\u0131 olan ki\u015filer de belirli seslere odaklan\u0131rlar. Bazen misophonia hastalar\u0131 sesi durdurmak i\u00e7in o sesi taklit edebilir. Bazen de sesi \u00e7\u0131karan ki\u015fiye sald\u0131rmak gibi fiziksel tepkiler meydana gelebilir. Bununla birlikte hasta, kendisini tetikleyen sesi ne zaman duyaca\u011f\u0131ndan emin olamad\u0131\u011f\u0131 i\u00e7in s\u00fcrekli bir kayg\u0131 i\u00e7inde ya\u015far. Hastalar bu seslere a\u015f\u0131r\u0131 derecede odakland\u0131klar\u0131 i\u00e7in g\u00fcnl\u00fck hayatlar\u0131nda ve sosyal ya\u015famlar\u0131nda da yapmak istedikleri aktivitelerden bu sesler y\u00fcz\u00fcnden uzak kal\u0131r. \u00d6rne\u011fin patlam\u0131\u015f m\u0131s\u0131r yeme sesinden rahats\u0131z olan bir ki\u015fi, \u00e7ok istedi\u011fi bir filmi sinemada izlemekten ka\u00e7\u0131n\u0131r. Seslerden rahats\u0131z olduklar\u0131 i\u00e7in evin d\u0131\u015f\u0131na \u00e7\u0131kmaktan korkar, sosyal ortamlarda bulunmaktan \u00e7ekinirler. \u00d6yle ki misophonia hastalar\u0131 genelde sessiz insanlard\u0131r. &nbsp;Psikiyatri alan\u0131nda misophonia hastal\u0131\u011f\u0131n\u0131n olu\u015fmas\u0131na neden olan ya da bu hastal\u0131\u011fa e\u015flik eden travma sonras\u0131 stres bozuklu\u011fu, obsesif kompulsif bozukluk ve obsesif kompulsif ki\u015filik bozuklu\u011fu gibi psikolojik sorunlar da g\u00f6r\u00fclm\u00fc\u015ft\u00fcr.<\/p>\n\n\n\n<div class=\"wp-block-image\"><figure class=\"aligncenter\"><img loading=\"lazy\" width=\"587\" height=\"322\" src=\"https:\/\/blog.ulubat.org\/wp-content\/uploads\/2020\/12\/\u0131mgslrpng.png\" alt=\"\" class=\"wp-image-9258\" srcset=\"https:\/\/blog.ulubat.org\/wp-content\/uploads\/2020\/12\/\u0131mgslrpng.png 587w, https:\/\/blog.ulubat.org\/wp-content\/uploads\/2020\/12\/\u0131mgslrpng-400x219.png 400w, https:\/\/blog.ulubat.org\/wp-content\/uploads\/2020\/12\/\u0131mgslrpng-110x60.png 110w, https:\/\/blog.ulubat.org\/wp-content\/uploads\/2020\/12\/\u0131mgslrpng-420x230.png 420w\" sizes=\"(max-width: 587px) 100vw, 587px\" \/><figcaption>Kaynak: <a href=\"https:\/\/www.flickr.com\/photos\/129489991@N02\/16468397040\/in\/photolist-dZuTQm-2jjdCbE-qHJFpc-T4i5bD-TGWjWm-2ke4VVd-e4AP9A-2k3zfMZ-9cv6ao-22vvGUn-ehFE2s-tHrXvg-2ghuAgc-29RiYhh-dD6Etj-qLTN6y-MM1T4f-qFkei3-2jnVSjD-XnvjzL-rk4Biz-22cuLjj-qCoZev-2iLr3oe-sJCis4-Thkdmh-g41Svs-2h4szmK-2h3XHem-2h5nNrc-2h3FAGA-22FrEua-rRRJCL-27H8iC8-TrQLcf-Xo4qxJ-Xo4qps-no1ctY-yJMEtg-n9Vb1H-r6fQG1-oejWJa-q5krY6-yizYQV-q3GMU2-2egodWR-zonhTr-ZUoxef-fFVobB-TFQaFd\">Flickr<\/a><\/figcaption><\/figure><\/div>\n\n\n\n<h2><strong>Misophonia Nedenleri<\/strong><\/h2>\n\n\n\n<p class=\"has-medium-font-size\">    Misophonia nedenlerini belirlemek i\u00e7in \u0130ngiltere merkezli bir ara\u015ft\u0131rma ekibi misophonia hastas\u0131 20 yeti\u015fkin ve hasta olmayan 22 yeti\u015fkin \u00fczerinde bir \u00e7al\u0131\u015fma yapt\u0131. Hepsi, ortak tetikleme sesleri olan yemek yeme ve nefes alma, evrensel olarak rahats\u0131z edici sesler olan bebeklerin ve \u00e7\u0131\u011fl\u0131k atan insanlar\u0131n sesi, ya\u011fmur sesi n\u00f6tr olan seslerin dahil oldu\u011fu farkl\u0131 seslerin rahats\u0131z edicili\u011fini derecelendirdiler. \u00c7al\u0131\u015fmada misophonia olan ki\u015filer yemek yeme ve nefes alma seslerinin olduk\u00e7a rahats\u0131z edici bulurken kontrol grubu rahats\u0131z olmad\u0131. Her iki grup da bebek a\u011flamas\u0131 ve \u00e7\u0131\u011fl\u0131k seslerinden rahats\u0131z oldu. \u00c7al\u0131\u015fma sonucu misophonia olan ki\u015filerin belirli tetikleyici seslerden \u00e7ok daha fazla etkilendi\u011fini ancak di\u011fer seslere hasta olmayanlara nazaran \u00e7ok da farkl\u0131 tepki vermedi\u011fi g\u00f6r\u00fcld\u00fc. <\/p>\n\n\n\n<div class=\"wp-block-image\"><figure class=\"aligncenter is-resized\"><img loading=\"lazy\" src=\"https:\/\/blog.ulubat.org\/wp-content\/uploads\/2020\/12\/2020-12-24-3-1024x1024.png\" alt=\"\" class=\"wp-image-9259\" width=\"598\" height=\"596\" srcset=\"https:\/\/blog.ulubat.org\/wp-content\/uploads\/2020\/12\/2020-12-24-3-150x150.png 150w, https:\/\/blog.ulubat.org\/wp-content\/uploads\/2020\/12\/2020-12-24-3-250x250.png 250w, https:\/\/blog.ulubat.org\/wp-content\/uploads\/2020\/12\/2020-12-24-3-125x125.png 125w, https:\/\/blog.ulubat.org\/wp-content\/uploads\/2020\/12\/2020-12-24-3-110x110.png 110w\" sizes=\"(max-width: 598px) 100vw, 598px\" \/><figcaption>Kaynak:<a href=\"https:\/\/human-memory.net\/insula\/\"> Human Memory<\/a><\/figcaption><\/figure><\/div>\n\n\n\n<p class=\"has-medium-font-size\"> &nbsp; Ara\u015ft\u0131rma esnas\u0131nda beyin aktivitesini g\u00f6r\u00fcnt\u00fclemek i\u00e7in fMRI (Fonksiyonel Manyetik Rezonans G\u00f6r\u00fcnt\u00fcleme) kullanan ara\u015ft\u0131rmac\u0131lar, tetikleyici sesler kar\u015f\u0131s\u0131nda misophonia olan ki\u015filerin \u201canterior insular korteks\u201dinin, kontrol grubuna g\u00f6re \u00e7ok daha fazla aktiviteye neden oldu\u011funu g\u00f6rd\u00fc. Ayr\u0131ca ara\u015ft\u0131rmac\u0131lar, kat\u0131l\u0131mc\u0131lar\u0131n beyinlerini haritaland\u0131rmak i\u00e7in beyin taramalar\u0131 yapt\u0131\u011f\u0131nda misophonia hastalar\u0131nda daha fazla miyelinizasyon g\u00f6zlemledi. Ancak bu a\u015f\u0131r\u0131 miyelinizasyonun misophonia geli\u015fme nedeni mi yoksa sonucu mu oldu\u011fu bilinmemektedir. <\/p>\n\n\n\n<h2><strong>Misophonia Hastal\u0131\u011f\u0131n\u0131n Tedavisi &nbsp;<\/strong><\/h2>\n\n\n\n<p class=\"has-medium-font-size\"><strong>&nbsp;&nbsp; <\/strong>Misophonia hastal\u0131\u011f\u0131 uzun zamand\u0131r g\u00f6r\u00fclen bir rahats\u0131zl\u0131k olmas\u0131na kar\u015f\u0131n kesin bir tedavisi hen\u00fcz yoktur ancak ara\u015ft\u0131rmalara devam edilmektedir. Bu hastal\u0131\u011f\u0131n tam bir tedavisi olmasa da terapi \u015feklinde rahatlatma uygulamalar\u0131 yap\u0131lmaktad\u0131r. Tetikleyici seslere al\u0131\u015fmaya \u00e7al\u0131\u015fma ya da tetikleyici sesler kar\u015f\u0131s\u0131nda ba\u015fka bir \u015feye odaklanmaya \u00e7al\u0131\u015fma gibi psikolojik m\u00fcdahaleler kullan\u0131lmaktad\u0131r. Yeteri kadar kan\u0131ta dayal\u0131 ara\u015ft\u0131rma ve tedavi bulunamad\u0131\u011f\u0131 i\u00e7in misophonia hastalar\u0131n\u0131n tetikleyici sesler kar\u015f\u0131s\u0131nda duygusal ve davran\u0131\u015fsal tepkiselli\u011fini azaltman\u0131n yollar\u0131n\u0131 \u00f6\u011frenmesi psikolojik tedavinin temel bile\u015feni olarak g\u00f6r\u00fclmektedir. Buna kar\u015f\u0131l\u0131k hastalar\u0131n tetikleyici seslerden uzak tutulmas\u0131, hastan\u0131n tek ba\u015f\u0131na ya\u015famas\u0131 ya da yemek yemesi, kulakl\u0131k takmas\u0131 gibi bir tedavi stratejisi \u00f6nerilmemektedir.<\/p>\n\n\n\n<p>KAYNAK\u00c7A<\/p>\n\n\n\n<p>Aazh H.,\nLandgrebe M., \u201cCognitive Behavioral Therapy For Alleviating The Distress Caused\nBy Tinnitus, Hyperacusis And Misophonia: Current Perspectives\u201d <em>Dovepress,<\/em> 991\u20131002, 2019, Eri\u015fim\nTarihi: 22 Aral\u0131k 2020, Doi: <a href=\"https:\/\/dx.doi.org\/10.2147%2FPRBM.S179138\">https:\/\/dx.doi.org\/10.2147%2FPRBM.S179138<\/a><\/p>\n\n\n\n<p>Cartreine J.,(21 Nisan 2017) &#8220;Misophonia: When Sounds Really Do Make You Crazy&#8221; <em>Harvard Health Publishing, <\/em>Eri\u015fim Tarihi: 22 Aral\u0131k 2020, <a href=\"https:\/\/www.health.harvard.edu\/blog\/misophonia-sounds-really-make-crazy-2017042111534\">https:\/\/www.health.harvard.edu\/blog\/misophonia-sounds-really-make-crazy-2017042111534<\/a><\/p>\n\n\n\n<p>Cavanna A., Seri S.,\u201d Misophonia: Current Perspectives\u201d <em>Dovepress,<\/em> 2117\u20132123, 2015, Eri\u015fim Tarihi: 23 Aral\u0131k 2020, Doi: <a href=\"https:\/\/dx.doi.org\/10.2147%2FNDT.S81438\">https:\/\/dx.doi.org\/10.2147%2FNDT.S81438<\/a><\/p>\n\n\n\n<p>Lewin A. B.,\u201d\nLike Nails on a Chalkboard: A\nMisophonia Overview\u201d <em>Iternational OCD\nFoundation, <\/em>Son G\u00fcncelleme: 25 Haziran 2019,Eri\u015fim Tarihi: 20 Aral\u0131k 2020, <a href=\"https:\/\/iocdf.org\/expert-opinions\/misophonia\/\">https:\/\/iocdf.org\/expert-opinions\/misophonia\/<\/a><\/p>\n\n\n\n<p>Palumbo D.,\nAlsalman O., \u201cMisophonia and Potential Underlying Mechanisms: A Perspective\u201d <em>Frontiers in Psychology, <\/em>953, 2018, Eri\u015fim\nTarihi: 21 Aral\u0131k 2020, Doi: <a href=\"https:\/\/dx.doi.org\/10.3389%2Ffpsyg.2018.00953\">https:\/\/dx.doi.org\/10.3389%2Ffpsyg.2018.00953<\/a><\/p>\n\n\n\n<p>WebMD, \u201cWhat\nis the Misophonia?\u201d Eri\u015fim Tarihi: 21 Aral\u0131k 2020, <a href=\"https:\/\/www.webmd.com\/mental-health\/what-is-misophonia#1\">https:\/\/www.webmd.com\/mental-health\/what-is-misophonia#1<\/a><\/p>\n","protected":false},"excerpt":{"rendered":"<p>Hayat\u0131m\u0131z boyunca ger\u00e7ekle\u015ftirdi\u011fimiz eyleme ve de\u011fi\u015ftirdi\u011fimiz konuma g\u00f6re bulundu\u011fumuz yerin g\u00f6r\u00fcnt\u00fcs\u00fc, sesi, kokusu ve daha bir\u00e7ok \u00f6zelli\u011fi de\u011fi\u015febilir. Haliyle ortam<\/p>\n","protected":false},"author":367,"featured_media":9253,"comment_status":"open","ping_status":"open","sticky":false,"template":"","format":"standard","meta":[],"categories":[1,19,165],"tags":[1604,1611,1605,1606,1599,1600,1610,1608,1607,1603,1601,1612,1602,1609],"acf":[],"views":1399,"_links":{"self":[{"href":"https:\/\/blog.ulubat.org\/index.php\/wp-json\/wp\/v2\/posts\/9246"}],"collection":[{"href":"https:\/\/blog.ulubat.org\/index.php\/wp-json\/wp\/v2\/posts"}],"about":[{"href":"https:\/\/blog.ulubat.org\/index.php\/wp-json\/wp\/v2\/types\/post"}],"author":[{"embeddable":true,"href":"https:\/\/blog.ulubat.org\/index.php\/wp-json\/wp\/v2\/users\/367"}],"replies":[{"embeddable":true,"href":"https:\/\/blog.ulubat.org\/index.php\/wp-json\/wp\/v2\/comments?post=9246"}],"version-history":[{"count":21,"href":"https:\/\/blog.ulubat.org\/index.php\/wp-json\/wp\/v2\/posts\/9246\/revisions"}],"predecessor-version":[{"id":9308,"href":"https:\/\/blog.ulubat.org\/index.php\/wp-json\/wp\/v2\/posts\/9246\/revisions\/9308"}],"wp:featuredmedia":[{"embeddable":true,"href":"https:\/\/blog.ulubat.org\/index.php\/wp-json\/wp\/v2\/media\/9253"}],"wp:attachment":[{"href":"https:\/\/blog.ulubat.org\/index.php\/wp-json\/wp\/v2\/media?parent=9246"}],"wp:term":[{"taxonomy":"category","embeddable":true,"href":"https:\/\/blog.ulubat.org\/index.php\/wp-json\/wp\/v2\/categories?post=9246"},{"taxonomy":"post_tag","embeddable":true,"href":"https:\/\/blog.ulubat.org\/index.php\/wp-json\/wp\/v2\/tags?post=9246"}],"curies":[{"name":"wp","href":"https:\/\/api.w.org\/{rel}","templated":true}]}}