{"id":9345,"date":"2021-01-03T00:01:00","date_gmt":"2021-01-02T21:01:00","guid":{"rendered":"http:\/\/blog.ulubat.org\/?p=9345"},"modified":"2021-01-06T23:13:15","modified_gmt":"2021-01-06T20:13:15","slug":"beyin-cerrahisine-farkli-bir-bakis-merve-dumlu","status":"publish","type":"post","link":"https:\/\/blog.ulubat.org\/index.php\/gunceller\/beyin-cerrahisine-farkli-bir-bakis-merve-dumlu\/","title":{"rendered":"BEY\u0130N CERRAH\u0130S\u0130NE FARKLI B\u0130R BAKI\u015e: \u201cMERVE DUMLU\u201d"},"content":{"rendered":"\n<figure class=\"wp-block-image size-large\"><img loading=\"lazy\" width=\"1024\" height=\"1024\" src=\"https:\/\/blog.ulubat.org\/wp-content\/uploads\/2021\/01\/MD2-1024x1024.jpg\" alt=\"\" class=\"wp-image-9346\" srcset=\"https:\/\/blog.ulubat.org\/wp-content\/uploads\/2021\/01\/MD2-1024x1024.jpg 1024w, https:\/\/blog.ulubat.org\/wp-content\/uploads\/2021\/01\/MD2-150x150.jpg 150w, https:\/\/blog.ulubat.org\/wp-content\/uploads\/2021\/01\/MD2-250x250.jpg 250w, https:\/\/blog.ulubat.org\/wp-content\/uploads\/2021\/01\/MD2-125x125.jpg 125w, https:\/\/blog.ulubat.org\/wp-content\/uploads\/2021\/01\/MD2-110x110.jpg 110w, https:\/\/blog.ulubat.org\/wp-content\/uploads\/2021\/01\/MD2-420x420.jpg 420w, https:\/\/blog.ulubat.org\/wp-content\/uploads\/2021\/01\/MD2-1536x1536.jpg 1536w, https:\/\/blog.ulubat.org\/wp-content\/uploads\/2021\/01\/MD2-2048x2048.jpg 2048w, https:\/\/blog.ulubat.org\/wp-content\/uploads\/2021\/01\/MD2-768x768.jpg 768w\" sizes=\"(max-width: 1024px) 100vw, 1024px\" \/><\/figure>\n\n\n\n<p class=\"has-drop-cap\">Merve Dumlu, g\u00fcn\u00fcm\u00fcz\u00fcn gelece\u011fi parlak beyin cerrah\u0131 adaylar\u0131ndan. \u015eu anda Adnan Menderes \u00dcniversitesi T\u0131p Fak\u00fcltesi Beyin Cerrahisi alan\u0131nda beyin cerrah\u0131 asistan\u0131. Kendisiyle hem kendisi hem de kad\u0131n\u0131n cerrahideki yeri ve toplumun buna bak\u0131\u015f a\u00e7\u0131s\u0131n\u0131 konu alan bir r\u00f6portaj yapt\u0131k. Ben \u00e7ok keyif ald\u0131m, umar\u0131m sizin i\u00e7in de keyifli olur.<\/p>\n\n\n\n<p>1. <strong>Nas\u0131l bir \u00e7ocukluk ge\u00e7irdiniz? Aile ortam\u0131n\u0131zdan bahseder misiniz?<\/strong><\/p>\n\n\n\n<p>1988 y\u0131l\u0131nda Bursa\u2019da do\u011fdum. Annem ev han\u0131m\u0131 babam in\u015faat i\u015f\u00e7isiydi. 2 erkek 1 k\u0131z karde\u015fim var. Annem ve babam ikisi ilkokul mezunu, kendilerinin yapamad\u0131\u011f\u0131n\u0131 biz yapal\u0131m istediler her zaman. Babam s\u00fcrekli \u201cErkekler gerekirse s\u0131rt\u0131nda ta\u015f ta\u015f\u0131r ekmek paras\u0131 kazan\u0131r ama k\u0131zlar kimseye muhta\u00e7 olmamak i\u00e7in okumak zorunda.\u201d derdi. Annemin en iyi hat\u0131rlad\u0131\u011f\u0131m c\u00fcmlesi de \u201cBen \u00f6mr\u00fcm boyunca be\u011fendi\u011fim bir \u015feyi alabilmek i\u00e7in bir ba\u015fkas\u0131ndan para istemek zorunda kald\u0131m, siz \u00f6yle olmay\u0131n istiyorum.\u201d oldu hep. Bizim i\u00e7in ellerinden gelenin en iyisini yapt\u0131lar her zaman, biz de onlar\u0131 gururland\u0131rd\u0131k nihayetinde.<\/p>\n\n\n\n<p>2. <strong>\u00c7ocukluk y\u0131llar\u0131n\u0131zda rol modeli olarak se\u00e7ti\u011finiz \u00f6zel olarak bir ki\u015fi, ya da beni \u00e7ok etkilemi\u015fti dedi\u011finiz bir an\u0131n\u0131z oldu mu?<\/strong><\/p>\n\n\n\n<p>Beni etkileyen bir an vard\u0131 belki de her \u015feyin ba\u015flang\u0131c\u0131. \u0130lkokul 4. s\u0131n\u0131fta burs s\u0131nav\u0131 vard\u0131 hat\u0131rlayanlar vard\u0131r devlet paras\u0131z yat\u0131l\u0131 ve bursluluk s\u0131nav\u0131, \u00f6\u011fretmenim o s\u0131nava girmemi istemi\u015fti. Annem yat\u0131l\u0131 okula yollamam ben diye izin vermemi\u015fti, \u00f6\u011fretmenim de yat\u0131l\u0131 okul ya da burs tercih edilebilece\u011fini bu s\u0131nav\u0131 kesin kazanaca\u011f\u0131m\u0131 s\u00f6yleyerek saatlerce konu\u015ftu annemle, sonunda ikna etti ve ben okulda o s\u0131nav\u0131 kazanan tek ki\u015fi oldum. Lise bitinceye kadar da o bursla okudum.<\/p>\n\n\n\n<p>3. <strong>Ortaokul ve lise y\u0131llar\u0131n\u0131z nas\u0131l ge\u00e7ti?<\/strong><\/p>\n\n\n\n<p>Mahalledeki ilk\u00f6\u011fretim okuluna gittim, 6. s\u0131n\u0131fa ge\u00e7ti\u011fim y\u0131l Marmara Depremi oldu. Okul binam\u0131z a\u011f\u0131r hasar ald\u0131\u011f\u0131 i\u00e7in y\u0131k\u0131ld\u0131 ve 2 y\u0131l boyunca uzaktaki iki okula gitmek zorunda kald\u0131k. Son sene yeni yap\u0131lan okul binas\u0131na ta\u015f\u0131nd\u0131k. Zaten hepimiz ayn\u0131 mahallede oturdu\u011fumuz i\u00e7in arkada\u015ft\u0131k, ilk\u00f6\u011fretim y\u0131llar\u0131m\u0131z g\u00fczel ve e\u011flenceliydi. Okudu\u011fum ilk\u00f6\u011fretim okulunda Bursa Anadolu Lisesi\u2019ni kazanan ilk \u00e7ocuktum, annem ve babam i\u00e7in \u00e7ok gurur verici bir olayd\u0131 benim i\u00e7in de \u00e7ok b\u00fcy\u00fck mutluluktu.<\/p>\n\n\n\n<p>4. <strong>Nas\u0131l bir \u00f6\u011frenciydiniz nelere daha \u00e7ok ilgi duyard\u0131n\u0131z?<\/strong><\/p>\n\n\n\n<p>Genel olarak sakin bir \u00f6\u011frenciydim, a\u015f\u0131r\u0131 \u00e7al\u0131\u015fkan de\u011fildim hala da de\u011filim ama dersi derste dinlemeyi ve yeni \u015feyler \u00f6\u011frenmeyi \u00e7ok severdim. Favori dersim geometri ve tarihti. Tarih kitaplar\u0131 okumay\u0131 hala \u00e7ok seviyorum. Enstr\u00fcman \u00e7almay\u0131 \u00e7ok istiyordum ancak ailemin buna ay\u0131racak maddi imkan\u0131 yoktu. \u00dcflemeli \u00e7alg\u0131lar\u0131 \u00e7ok seviyordum, daha sonra kendi param\u0131 kazanmaya ba\u015flay\u0131nca ney ve klarnet \u00fcflemeyi \u00f6\u011frendim.<\/p>\n\n\n\n<p>5. <strong>\u00dcniversiteye giri\u015f s\u00fcreciniz nas\u0131ld\u0131? T\u0131p okumak sizin i\u00e7in bir ideal miydi?<\/strong><\/p>\n\n\n\n<p>Neden ve nas\u0131l b\u00f6yle bir karar verdim hat\u0131rlam\u0131yorum ama kendimi bildim bileli doktor olmak istedim. Doktorlar her \u015feyi bilen \u00e7ok zeki ve \u00e7al\u0131\u015fkan insanlar diye d\u00fc\u015f\u00fcnd\u00fc\u011f\u00fcm i\u00e7in san\u0131r\u0131m onlardan biri olmak istedim hep. Lisede zaten ba\u015far\u0131l\u0131 bir \u00f6\u011frenciydim \u00fcniversite s\u0131nav\u0131ndan \u00e7\u0131kt\u0131\u011f\u0131m an t\u0131p fak\u00fcltesini kazanaca\u011f\u0131m\u0131 biliyordum a\u00e7\u0131k\u00e7as\u0131 s\u00fcrpriz olmad\u0131.<\/p>\n\n\n\n<p>6. <strong>\u00dcniversiteye ilk ba\u015flad\u0131\u011f\u0131n\u0131zda nas\u0131l hissettiniz?&nbsp; Hayalleriniz neydi?<\/strong><\/p>\n\n\n\n<p>Kendimi \u00e7ok ayr\u0131cal\u0131kl\u0131 hissettim uzun bir s\u00fcre. Yurtta kal\u0131yordum ve t\u0131p okudu\u011fumu \u00f6\u011frenen herkes imrenerek bak\u0131yordu. Etraf\u0131mdaki herkesin benim gibi olmas\u0131 da kendimi epey rahat hissettirmi\u015fti. U\u00e7uk ka\u00e7\u0131k hayallerim olmad\u0131 hi\u00e7bir zaman, hep ba\u015farabilece\u011fim ula\u015fmas\u0131 m\u00fcmk\u00fcn&nbsp; hayallerim vard\u0131. Bir\u00e7o\u011funu da ba\u015fard\u0131m zaten.<\/p>\n\n\n\n<p>7. <strong>Cerrah ve \u00f6zellikle beyin cerrah\u0131 olmaya nas\u0131l karar verdiniz?<\/strong><\/p>\n\n\n\n<p>Cerrahinin s\u0131n\u0131rlar\u0131n\u0131n \u00e7ok net belli olmas\u0131 beni her zaman \u00e7ok etkiledi. Bir hasta ya ameliyat olur ya da olmaz, aras\u0131 yok. Fel\u00e7li bir hastay\u0131 ameliyat edip y\u00fcr\u00fcmesini sa\u011flayabilirsiniz ya da bilinci kapal\u0131 bir kanama hastan\u0131n ameliyat sonras\u0131nda uyanmas\u0131n\u0131 sa\u011flayabilirsiniz. Bunlar muhte\u015fem hisler. Bilgisayar ekran\u0131nda g\u00f6rd\u00fc\u011f\u00fcm\u00fcz beyne dokunma fikri beni \u00e7ok cezbediyordu hala da her g\u00f6rd\u00fc\u011f\u00fcmde heyecanlan\u0131r\u0131m. Cerrahinin muhte\u015fem sonu\u00e7lar\u0131n\u0131n olmas\u0131 ve beynin ba\u015fl\u0131 ba\u015f\u0131na m\u00fckemmel bir organ olmas\u0131 beni beyin cerrahisine \u00e7ekti.<\/p>\n\n\n\n<p>8. <strong>Pandemi sizi nas\u0131l etkiledi? Mesleki a\u00e7\u0131dan ne gibi de\u011fi\u015fikler ya\u015fad\u0131n\u0131z?<\/strong><\/p>\n\n\n\n<p>Pandemi asl\u0131nda hepimizin bir g\u00fcn ger\u00e7ekle\u015fece\u011fini bildi\u011fi ama haz\u0131r olmad\u0131\u011f\u0131 bir \u015feydi. Ben de herkes gibi \u015fa\u015f\u0131rd\u0131m ve korktum tabi ki. Kendimden \u00e7ok ailem i\u00e7in korkuyorum asl\u0131nda. Ailemden 500 km uzaktay\u0131m ve onlara bir \u015fey olsa yanlar\u0131na gidemem bunu bilmek \u00e7ok korkun\u00e7. Bir\u00e7ok b\u00f6l\u00fcmde hasta say\u0131s\u0131 azald\u0131 muhtemelen ancak bizim acil vakalar\u0131m\u0131z hi\u00e7 durmuyor malum trafik kazalar\u0131, beyin kanamalar\u0131 ara vermiyor pek. Di\u011fer b\u00f6l\u00fcmler kadar \u00e7ok etkilenmedik ama bizim i\u00e7in de zor bir s\u00fcre\u00e7 oluyor.<\/p>\n\n\n\n<p>9. <strong>Kendi \u00f6zelinizde ve genel olarak t\u0131p camias\u0131 aras\u0131nda kad\u0131nlar\u0131n cerrahiye y\u00f6nelmesi nas\u0131l kar\u015f\u0131lan\u0131yor? Bu bir erkek mesle\u011fi olarak m\u0131 g\u00f6r\u00fcl\u00fcyor?<\/strong><\/p>\n\n\n\n<p>Ben birlikte \u00e7al\u0131\u015ft\u0131\u011f\u0131m k\u0131demlilerim ve hocalar\u0131m a\u00e7\u0131s\u0131ndan \u015fansl\u0131y\u0131m, kad\u0131n oldu\u011fum i\u00e7in hi\u00e7 sorun ya\u015famad\u0131m ancak ne yaz\u0131k ki \u00f6zellikle maj\u00f6r cerrahi bran\u015flarda kad\u0131nlara kar\u015f\u0131 bir \u00f6n yarg\u0131 var. Kad\u0131nlar daha narin daha zay\u0131f olduklar\u0131 ve zorlanacaklar\u0131 d\u00fc\u015f\u00fcn\u00fcl\u00fcyor. Ben buna inanm\u0131yorum, de\u011fi\u015fik cerrahi bran\u015flarda kad\u0131n arkada\u015flar\u0131m var ve i\u015flerini gayet g\u00fczel yap\u0131yorlar. Kad\u0131nlar\u0131n biraz kendini geri \u00e7ekti\u011fini d\u00fc\u015f\u00fcn\u00fcyorum, ben yapamam diye d\u00fc\u015f\u00fcn\u00fcrseniz zaten ba\u015ftan kaybedersiniz. Toplumdaki cerrahi erkek mesle\u011fini ancak biz daha fazla cesaret edersek y\u0131kabiliriz.<\/p>\n\n\n\n<p>10. <strong>Hastalar\u0131n kad\u0131n beyin cerrahlar\u0131na yakla\u015f\u0131m\u0131 nas\u0131l? Erkek cerrahlar daha \u00e7ok mu tercih ediliyor? Bu konuda bir g\u00f6zleminiz var m\u0131?<\/strong><\/p>\n\n\n\n<p>Beyin cerrahisine \u00f6zel de\u011fil bence halk\u0131m\u0131zda hala kad\u0131n doktora kar\u015f\u0131 bir \u00f6nyarg\u0131 var. Kad\u0131nsa hem\u015firedir erkekse doktordur d\u00fc\u015f\u00fcncesi hakim. Poliklini\u011fe gelince hala doktor yok mu diye soruyorlar. Ancak bence kad\u0131nlar i\u00e7g\u00fcd\u00fcsel olarak daha \u015fefkatli ve daha d\u00fc\u015f\u00fcnceli olduklar\u0131 i\u00e7in biraz konu\u015ftuktan sonra g\u00fcven ba\u015fl\u0131yor ve sonra vazge\u00e7ilmez oluyorlar.<\/p>\n\n\n\n<p>11. <strong>Cerrahl\u0131k \u00f6zen isteyen zor bir meslek, sizce kad\u0131n olman\u0131n bu konuda getirdi\u011fi fazladan zorluklar var m\u0131?<\/strong><\/p>\n\n\n\n<p>Bence zaten kad\u0131nlar daha ince d\u00fc\u015f\u00fcnceli daha \u00f6zverili insanlar o y\u00fczden bir\u00e7ok i\u015fi ayn\u0131 anda y\u00fcr\u00fctebiliyorlar. Tabi ki zorluklar\u0131 var ama kolay olsa zaten herkes yapar, zor oldu\u011fu i\u00e7in sadece biz yap\u0131yoruz. \u00dclkemizde kad\u0131na y\u00fcklenen evin han\u0131m\u0131, evin her \u015feyiyle kad\u0131n ilgilenmek zorunda alg\u0131s\u0131 y\u00fcz\u00fcnden i\u015fimiz zorla\u015ft\u0131r\u0131l\u0131yor ancak birlikte ya\u015fayacak do\u011fru insan\u0131 bulduysan\u0131z bu bir sorun olmaktan \u00e7\u0131kar.<\/p>\n\n\n\n<figure class=\"wp-block-image size-large\"><img loading=\"lazy\" width=\"1024\" height=\"1024\" src=\"https:\/\/blog.ulubat.org\/wp-content\/uploads\/2021\/01\/MD1-1-1024x1024.jpg\" alt=\"\" class=\"wp-image-9350\" srcset=\"https:\/\/blog.ulubat.org\/wp-content\/uploads\/2021\/01\/MD1-1-1024x1024.jpg 1024w, https:\/\/blog.ulubat.org\/wp-content\/uploads\/2021\/01\/MD1-1-150x150.jpg 150w, https:\/\/blog.ulubat.org\/wp-content\/uploads\/2021\/01\/MD1-1-250x250.jpg 250w, https:\/\/blog.ulubat.org\/wp-content\/uploads\/2021\/01\/MD1-1-125x125.jpg 125w, https:\/\/blog.ulubat.org\/wp-content\/uploads\/2021\/01\/MD1-1-110x110.jpg 110w, https:\/\/blog.ulubat.org\/wp-content\/uploads\/2021\/01\/MD1-1-420x420.jpg 420w, https:\/\/blog.ulubat.org\/wp-content\/uploads\/2021\/01\/MD1-1-1536x1536.jpg 1536w, https:\/\/blog.ulubat.org\/wp-content\/uploads\/2021\/01\/MD1-1-2048x2048.jpg 2048w, https:\/\/blog.ulubat.org\/wp-content\/uploads\/2021\/01\/MD1-1-768x768.jpg 768w\" sizes=\"(max-width: 1024px) 100vw, 1024px\" \/><\/figure>\n\n\n\n<p>12. <strong>Takip etti\u011finiz T\u00fcrkiye\u2019den ve d\u00fcnyadan kad\u0131n beyin cerrahlar\u0131 var m\u0131?<\/strong><\/p>\n\n\n\n<p>Tabi ki bu yolda \u00f6rnek ald\u0131\u011f\u0131m ve kendileriyle ayn\u0131 i\u015fi yapmaktan gurur duydu\u011fum bir\u00e7ok kad\u0131n var. \u00dcstelik onlar\u0131n zaman\u0131nda kad\u0131n cerrah olmak \u00e7ok daha zorken bunu ba\u015farm\u0131\u015f olmalar\u0131 daha sayg\u0131 duyulas\u0131.<\/p>\n\n\n\n<p>13. <strong>Yo\u011fun \u00e7al\u0131\u015fan ba\u015far\u0131l\u0131 kad\u0131nlara r\u00f6portajlar s\u0131ras\u0131nda s\u0131k\u00e7a y\u00f6neltilen \u201cHem kariyer hem \u00f6zel hayat\u0131n\u0131z\u0131 ayn\u0131 anda nas\u0131l y\u00fcr\u00fct\u00fcyorsunuz?\u201d sorusu hakk\u0131nda ne d\u00fc\u015f\u00fcn\u00fcyorsunuz?<\/strong><\/p>\n\n\n\n<p>Erkeklere de ayn\u0131 soru sorulmad\u0131\u011f\u0131 s\u00fcrece bu soruyu ciddiye al\u0131p cevap vermeyi d\u00fc\u015f\u00fcnm\u00fcyorum. \u00d6zel hayat dedi\u011fimiz \u015fey iki ki\u015filik, zorsa iki ki\u015fiye de zor. Bu sorunun sadece kad\u0131nlara y\u00f6neltilmesini art niyetli buluyorum, bizim y\u0131kmak i\u00e7in u\u011fra\u015ft\u0131\u011f\u0131m\u0131z alg\u0131y\u0131 k\u00f6r\u00fckl\u00fcyor sadece.<\/p>\n\n\n\n<p>14. <strong>Beyin cerrah\u0131 olman\u0131n getirdi\u011fi ne gibi zorluklar var?<\/strong><\/p>\n\n\n\n<p>Beyin cerrahisinin muhte\u015fem olmas\u0131n\u0131n yan\u0131nda \u00e7ok fazla \u00f6l\u00fcm g\u00f6r\u00fcyor&nbsp; olmak bence en zor k\u0131sm\u0131. Uzun \u00e7al\u0131\u015fma saatleri, ameliyatlar\u0131n uzun s\u00fcrmesi, geceleri uyuyamamak zorluyor tabi ki. Bunlar\u0131n yan\u0131 s\u0131ra elinizin alt\u0131ndaki insan\u0131n hayat\u0131n\u0131n size ba\u011fl\u0131 oldu\u011funu bilmek \u00e7ok b\u00fcy\u00fck bir sorumluluk.&nbsp; Ama benim en zorland\u0131\u011f\u0131m k\u0131s\u0131m anne babalara \u00e7ocuklar\u0131n\u0131n beyinlerinde t\u00fcm\u00f6r oldu\u011funu, k\u0131sa bir s\u00fcre sonra \u00f6lece\u011fini s\u00f6ylemek ve&nbsp; \u00f6l\u00fcm haberini vermek.<\/p>\n\n\n\n<p>15. <strong>Genel \u00e7al\u0131\u015fma ko\u015fullar\u0131n\u0131z ve n\u00f6bet durumlar\u0131n\u0131z nas\u0131l?<\/strong><\/p>\n\n\n\n<p>Sabahlar\u0131 7 gibi hastanede oluyorum, o g\u00fcn ameliyata girecek hastalar\u0131n g\u00f6r\u00fcnt\u00fclemelerini inceliyorum tekrar. Asistan vizitinden sonra herkes o g\u00fcn \u00e7al\u0131\u015faca\u011f\u0131 yerlere ge\u00e7iyor. Ak\u015fam ameliyatlar ka\u00e7ta biterse o saatte \u00e7\u0131k\u0131yorum hastaneden. \u015eu an son senemin i\u00e7indeyim ayda&nbsp; 7 n\u00f6bet tutuyorum.<\/p>\n\n\n\n<p>16. <strong>Ameliyat s\u0131ras\u0131nda bir insan\u0131n t\u00fcm \u00f6zelliklerini belirleyen ki\u015fiyi kendisi yapan organ \u00fczerinde \u00e7al\u0131\u015f\u0131yorsunuz, bunu yaparken ne hissediyorsunuz? Bu nas\u0131l bir duygu? Bu sorumlulu\u011fun getirdi\u011fi y\u00fckler var m\u0131?<\/strong><\/p>\n\n\n\n<p>Asl\u0131nda kelimelerle anlatmak \u00e7ok zor, bu duyguyu ger\u00e7ekten ya\u015famak laz\u0131m. Muhte\u015fem bir his. Bu i\u015fi yapabildi\u011fim, beyne dokunabildi\u011fim i\u00e7in kendimi \u00e7ok \u015fansl\u0131 ve \u00e7ok \u00f6zel hissediyorum. Dokundu\u011funuz her bir yerin hastan\u0131n hayat\u0131nda kal\u0131c\u0131 hasar b\u0131rakabilece\u011fi fikri ise \u00e7ok korkutucu asl\u0131nda. Hastan\u0131n hayat\u0131n\u0131n parmaklar\u0131n\u0131z\u0131n ucunda olmas\u0131 \u00e7ok b\u00fcy\u00fck bir sorumluluk bu y\u00fczden her \u015feyden \u00e7ok daha fazla dikkat ve \u00f6zen istiyor.<\/p>\n\n\n\n<p>17. <strong>Ortalama ameliyat s\u00fcreleri ne kadar? Sizin i\u00e7in unutulmaz bir ameliyat var m\u0131?<\/strong><\/p>\n\n\n\n<p>Ameliyat\u0131n t\u00fcr\u00fcne g\u00f6re de\u011fi\u015fiyor s\u00fcreler. 2 saat s\u00fcren vakalar da var 15 saat s\u00fcren vakalar da var. \u00d6nemli olan hastaya zarar vermemek bizim i\u00e7in s\u00fcre \u00e7ok \u00f6nemli de\u011fil. Tek ba\u015f\u0131ma yapt\u0131\u011f\u0131m ilk ameliyatlar\u0131n hepsi benim i\u00e7in unutulmaz. En \u00e7ok ameliyata bilinci kapal\u0131 girip ameliyattan sonra uyanan hastalar ve fel\u00e7 durumunda girip ameliyat sonras\u0131 d\u00fczelen hastalar benim i\u00e7in unutulmaz oluyor hepsi ayr\u0131 birer mucize \u00e7\u00fcnk\u00fc.<\/p>\n\n\n\n<p>18. <strong>Kad\u0131n\u0131n T\u00fcrkiye\u2019de t\u0131pta\/bilimdeki yeri hakk\u0131nda ne d\u00fc\u015f\u00fcn\u00fcyorsunuz? Gelecekte nas\u0131l bir de\u011fi\u015fim \u00f6ng\u00f6r\u00fcyorsunuz?<\/strong><\/p>\n\n\n\n<p>Kad\u0131nlar art\u0131k kendilerine dayat\u0131lan kal\u0131plardan \u00e7\u0131k\u0131yorlar bence ve bu ger\u00e7ekten muhte\u015fem. Sa\u011fl\u0131k, edebiyat, spor, sanat gibi bir\u00e7ok alanda \u00e7ok ba\u015far\u0131l\u0131 kad\u0131nlar var ve hepsiyle ayr\u0131 ayr\u0131 gurur duyuyorum. Ben asistanl\u0131\u011fa ba\u015flad\u0131\u011f\u0131m zaman T\u00fcrkiye\u2019de 50 tane kad\u0131n beyin cerrah\u0131 vard\u0131 \u015fimdi ise 150 tane. Buradan bile kad\u0131nlar\u0131n art\u0131k daha aktif oldu\u011funu d\u00fc\u015f\u00fcnebiliriz, kad\u0131nlar ve kad\u0131nlara destek veren erkekler sayesinde gelecekte her \u015fey \u00e7ok daha g\u00fczel olacak.<\/p>\n\n\n\n<p>19. <strong>Bas\u0131nda da s\u0131k s\u0131k yer bulan sa\u011fl\u0131k \u00e7al\u0131\u015fanlar\u0131na, \u00f6zellikle de kad\u0131n sa\u011fl\u0131k \u00e7al\u0131\u015fanlar\u0131na kar\u015f\u0131 artan \u015fiddet hakk\u0131nda ne d\u00fc\u015f\u00fcn\u00fcyorsunuz? Bu konuda sizin kendi tecr\u00fcbeniz oldu mu?<\/strong><\/p>\n\n\n\n<p>Bence bizim \u00fclkemizde temelde bir \u015fiddet sorunu var sadece sa\u011fl\u0131k \u00e7al\u0131\u015fanlar\u0131na de\u011fil herkese her \u015feye kar\u015f\u0131. Her i\u015fini \u015fiddete ba\u015fvurarak \u00e7\u00f6zmeye al\u0131\u015fm\u0131\u015f bir toplumuz ne yaz\u0131k ki. Kar\u015f\u0131l\u0131\u011f\u0131nda hemen hi\u00e7bir ceza olmad\u0131\u011f\u0131 i\u00e7in de sorun \u00e7\u00f6z\u00fclemiyor. Fiziksel olarak \u015fiddete u\u011framad\u0131m ama s\u00f6zel \u015fiddete u\u011framayan yoktur san\u0131r\u0131m i\u00e7imizde. Ben de defalarca hakaret i\u015fittim, tehdit edildim ne yaz\u0131k ki.<\/p>\n\n\n\n<p>20. <strong>\u0130leride beyin cerrah\u0131 olmak isteyen \u00f6\u011frencilere ne s\u00f6ylemek istersiniz?<\/strong><\/p>\n\n\n\n<p>Beyin cerrahisi d\u00fcnyadaki hi\u00e7bir mesle\u011fe benzemiyor. Evet \u00e7ok zor belki ama d\u00fcnyan\u0131n en g\u00fczel en tatmin edici mesle\u011fi benim g\u00f6z\u00fcmde. Benim arac\u0131l\u0131\u011f\u0131mla hayata tutunan insanlar\u0131n g\u00f6z\u00fcndeki&nbsp; yerimi hi\u00e7bir \u015feye de\u011fi\u015fmem san\u0131r\u0131m. Bug\u00fcne gelebilmek i\u00e7in bir\u00e7ok \u015feyden fedakarl\u0131k ettim bir\u00e7ok g\u00fczelli\u011fi ka\u00e7\u0131rd\u0131m hayat\u0131mda eminim ancak olmak istedi\u011fim yerdeyim ve \u015fimdi geriye bak\u0131nca bu kadar \u00e7abaya bu kadar fedakarl\u0131\u011fa de\u011fdi diyorum. \u00c7ok sevdi\u011fim bir c\u00fcmle var beni her zaman cesaretlendirmi\u015ftir \u201ckolay olsayd\u0131 herkes yapard\u0131\u201d.<\/p>\n\n\n\n<p>21. <strong>Bu soruda belki de yay\u0131nlamayaca\u011f\u0131m bir \u015fey \u00fczerinde durmak istedim. Benim oda arkada\u015f\u0131m (ayn\u0131 zamanda \u00e7ok yak\u0131n bir arkada\u015f\u0131m) kendisiyle tan\u0131\u015ft\u0131\u011f\u0131m okulun ilk g\u00fcn\u00fcnden beri beyin cerrah\u0131 olmak istiyor. Ad\u0131 Simge. Bu konuda kitaplar okuyor, bazen evde diki\u015f denemeleri yap\u0131yor ve merak etti\u011fi i\u00e7in birka\u00e7 kez ameliyata da girdi. Sizinle tan\u0131\u015fmam da bir arkada\u015f\u0131m\u0131z\u0131n Simge\u2019yi sizin tweetinizin alt\u0131na etiketlemesiyle oldu asl\u0131nda. Simge gibi bir\u00e7ok hevesli ve ak\u0131ll\u0131 gen\u00e7 k\u0131z oldu\u011funa da eminim. Onlarla tan\u0131\u015fma \u015fans\u0131n\u0131z olsayd\u0131, gerek meslek gerek hayat hakk\u0131nda ne s\u00f6ylemek isterdiniz? Ne tavsiye ederdiniz?<\/strong><\/p>\n\n\n\n<p>B\u00f6yle gen\u00e7 kad\u0131nlar\u0131n oldu\u011funu bilmek ve duymak beni \u00e7ok mutlu ediyor, gelece\u011fimiz onlar\u0131n elinde \u00e7\u00fcnk\u00fc. Yollar\u0131na \u00e7\u0131kacak hi\u00e7bir engele tak\u0131lmas\u0131nlar, yoldan \u00e7evirmeye u\u011fra\u015fan kimseyi dinlemesinler. \u00d6m\u00fcr boyu yapacaklar\u0131 i\u015fi se\u00e7tiklerini unutmas\u0131nlar belki de hayatlar\u0131ndaki en \u00f6nemli se\u00e7im bu olacak. Kad\u0131nlar\u0131n hayat\u0131n her alan\u0131nda bir\u00e7ok zorlukla ba\u015fa \u00e7\u0131kmak zorunda b\u0131rak\u0131ld\u0131\u011f\u0131n\u0131 biliyorum ancak bunu de\u011fi\u015ftirecek olan bizleriz. Ard\u0131m\u0131zdan gelen kad\u0131nlar\u0131n \u015fartlar\u0131n\u0131 iyile\u015ftirecek onlara \u00f6nc\u00fc olacak bizleriz. Ke\u015fke hepsiyle tek tek tan\u0131\u015fabilsem ve \u00e7ok g\u00fc\u00e7l\u00fc olduklar\u0131n\u0131 istedikleri \u015feyi ba\u015faramamak i\u00e7in bir sebep olmad\u0131\u011f\u0131n\u0131 y\u00fczy\u00fcze de s\u00f6yleyebilsem.<\/p>\n\n\n\n<p>22. <strong>Eklemek istedikleriniz, payla\u015fmak istedikleriniz var m\u0131? Var ise payla\u015fman\u0131zdan mutluluk duyar\u0131m, te\u015fekk\u00fcr ederim.<\/strong><\/p>\n\n\n\n<p>San\u0131r\u0131m her \u015feyi konu\u015ftuk, te\u015fekk\u00fcr ederim.<\/p>\n\n\n\n<figure class=\"wp-block-image size-large\"><img loading=\"lazy\" width=\"1024\" height=\"1024\" src=\"https:\/\/blog.ulubat.org\/wp-content\/uploads\/2021\/01\/md4-1024x1024.png\" alt=\"\" class=\"wp-image-9349\" srcset=\"https:\/\/blog.ulubat.org\/wp-content\/uploads\/2021\/01\/md4-1024x1024.png 1024w, https:\/\/blog.ulubat.org\/wp-content\/uploads\/2021\/01\/md4-150x150.png 150w, https:\/\/blog.ulubat.org\/wp-content\/uploads\/2021\/01\/md4-250x250.png 250w, https:\/\/blog.ulubat.org\/wp-content\/uploads\/2021\/01\/md4-125x125.png 125w, https:\/\/blog.ulubat.org\/wp-content\/uploads\/2021\/01\/md4-110x110.png 110w, https:\/\/blog.ulubat.org\/wp-content\/uploads\/2021\/01\/md4-1536x1536.png 1536w, https:\/\/blog.ulubat.org\/wp-content\/uploads\/2021\/01\/md4-2048x2048.png 2048w, https:\/\/blog.ulubat.org\/wp-content\/uploads\/2021\/01\/md4-420x420.png 420w, https:\/\/blog.ulubat.org\/wp-content\/uploads\/2021\/01\/md4-768x768.png 768w\" sizes=\"(max-width: 1024px) 100vw, 1024px\" \/><\/figure>\n\n\n\n<p><strong>G\u00f6rseller<\/strong><\/p>\n\n\n\n<ol type=\"1\"><li><a href=\"https:\/\/www.haberturk.com\/beyin-cerrahisi-asistani-merve-dumlu-cocuk-dogurabilen-birinin-basaramayacagi-hicbir-sey-olamaz-2605441\">https:\/\/www.haberturk.com\/beyin-cerrahisi-asistani-merve-dumlu-cocuk-dogurabilen-birinin-basaramayacagi-hicbir-sey-olamaz-2605441<\/a><\/li><\/ol>\n","protected":false},"excerpt":{"rendered":"<p>Merve Dumlu, g\u00fcn\u00fcm\u00fcz\u00fcn gelece\u011fi parlak beyin cerrah\u0131 adaylar\u0131ndan. \u015eu anda Adnan Menderes \u00dcniversitesi T\u0131p Fak\u00fcltesi Beyin Cerrahisi alan\u0131nda beyin cerrah\u0131<\/p>\n","protected":false},"author":306,"featured_media":9347,"comment_status":"open","ping_status":"open","sticky":false,"template":"","format":"standard","meta":[],"categories":[165],"tags":[957],"acf":[],"views":2485,"_links":{"self":[{"href":"https:\/\/blog.ulubat.org\/index.php\/wp-json\/wp\/v2\/posts\/9345"}],"collection":[{"href":"https:\/\/blog.ulubat.org\/index.php\/wp-json\/wp\/v2\/posts"}],"about":[{"href":"https:\/\/blog.ulubat.org\/index.php\/wp-json\/wp\/v2\/types\/post"}],"author":[{"embeddable":true,"href":"https:\/\/blog.ulubat.org\/index.php\/wp-json\/wp\/v2\/users\/306"}],"replies":[{"embeddable":true,"href":"https:\/\/blog.ulubat.org\/index.php\/wp-json\/wp\/v2\/comments?post=9345"}],"version-history":[{"count":5,"href":"https:\/\/blog.ulubat.org\/index.php\/wp-json\/wp\/v2\/posts\/9345\/revisions"}],"predecessor-version":[{"id":9356,"href":"https:\/\/blog.ulubat.org\/index.php\/wp-json\/wp\/v2\/posts\/9345\/revisions\/9356"}],"wp:featuredmedia":[{"embeddable":true,"href":"https:\/\/blog.ulubat.org\/index.php\/wp-json\/wp\/v2\/media\/9347"}],"wp:attachment":[{"href":"https:\/\/blog.ulubat.org\/index.php\/wp-json\/wp\/v2\/media?parent=9345"}],"wp:term":[{"taxonomy":"category","embeddable":true,"href":"https:\/\/blog.ulubat.org\/index.php\/wp-json\/wp\/v2\/categories?post=9345"},{"taxonomy":"post_tag","embeddable":true,"href":"https:\/\/blog.ulubat.org\/index.php\/wp-json\/wp\/v2\/tags?post=9345"}],"curies":[{"name":"wp","href":"https:\/\/api.w.org\/{rel}","templated":true}]}}